{"id":354918,"date":"2025-08-30T18:01:09","date_gmt":"2025-08-30T18:01:09","guid":{"rendered":"https:\/\/www.europesays.com\/fr\/354918\/"},"modified":"2025-08-30T18:01:09","modified_gmt":"2025-08-30T18:01:09","slug":"il-netait-pas-dans-de-bonnes-conditions-la-mise-au-point-de-letang-sur-le-dossier-zhegrova-om","status":"publish","type":"post","link":"https:\/\/www.europesays.com\/fr\/354918\/","title":{"rendered":"\u00ab\u00a0Il n&rsquo;\u00e9tait pas dans de bonnes conditions, la mise au point de L\u00e9tang sur le dossier Zhegrova-OM"},"content":{"rendered":"<p>Alors que les relations sont tendues en coulisse entre l&rsquo;OM et le LOSC sur le dossier d&rsquo;Edon Zhegrova, le pr\u00e9sident lillois Olivier L\u00e9tang a confirm\u00e9 que son joueur ne rejoindrait pas Marseille. Mais il laisse la porte ouverte \u00e0 un d\u00e9part en cas d&rsquo;offre int\u00e9ressante.<\/p>\n<p>Le cas Edon Zhegrova continue d&rsquo;alimenter les pourparlers. Alors que le joueur avait trouv\u00e9 un accord avec l&rsquo;OM pour un transfert lors du mercato estival, Olivier L\u00e9tang a ferm\u00e9 la porte \u00e0 double tour. <a href=\"https:\/\/rmcsport.bfmtv.com\/football\/transferts\/mercato-olivier-letang-allume-l-om-sur-le-cas-zhegrova_AV-202508290523.html\" title=\"Mercato: Olivier L\u00e9tang allume l\u2019OM sur le cas Zhegrova\" class=\"internal_link\" rel=\"nofollow noopener\" target=\"_blank\">Quelques jours apr\u00e8s avoir allum\u00e9 le club phoc\u00e9en<\/a>, le pr\u00e9sident lillois a de nouveau confirm\u00e9 que le milieu kosovar n&rsquo;irait pas \u00e0 Marseille.<\/p>\n<p>\u00ab\u00a0Zhegrova n\u2019ira pas \u00e0 l\u2019Olympique de Marseille pour un certain nombre de raisons. Est-ce qu&rsquo;il sera lillois ? R\u00e9ponse mardi (lendemain de la fermeture du mercato). Le sujet d&rsquo;Edon on le conna\u00eet depuis tr\u00e8s longtemps. Le joueur n\u2019\u00e9tait pas l\u00e0 aujourd\u2019hui, c\u2019\u00e9tait pour le prot\u00e9ger\u00a0\u00bb, a d\u00e9clar\u00e9 L\u00e9tang au micro de BeIN Sports <a href=\"https:\/\/rmcsport.bfmtv.com\/football\/ligue-1\/direct-lorient-lille-suivez-le-match-de-la-3e-journee-de-ligue-1-en-live_LS-202508300222.html\" title=\"Lorient-Lille: \u00e9norme d\u00e9monstration du LOSC avec sept buts en une seul p\u00e9riode\" class=\"internal_link\" rel=\"nofollow noopener\" target=\"_blank\">apr\u00e8s la victoire de Lille \u00e0 Lorient samedi<\/a>. \u00ab\u00a0On a pris la d\u00e9cision avec le coach. Il n&rsquo;\u00e9tait pas en capacit\u00e9 de jouer. Il est arriv\u00e9 simplement 10 minutes avant le d\u00e9but de l&rsquo;entra\u00eenement hier (vendredi) alors qu&rsquo;il devait d\u00e9marrer le match. Il a dit qu&rsquo;il avait une proposition de Marseille et qu&rsquo;il \u00e9tait tomb\u00e9 d&rsquo;accord avec eux. On a pens\u00e9 qu&rsquo;il n&rsquo;\u00e9tait pas dans de bonnes conditions pour venir.\u00a0\u00bb<\/p>\n<p><a href=\"https:\/\/rmcsport.bfmtv.com\/football\/transferts\/direct-mercato-toutes-les-infos-et-rumeurs-de-transfert-du-30-aout-2025_LN-202508300088.html\" title=\"DIRECT. Mercato: Garnacho quitte Manchester United pour Chelsea\" class=\"internal_link\" rel=\"nofollow noopener\" target=\"_blank\">&gt;&gt; Suivez le mercato en direct<\/a><\/p>\n<p>Un bon de sortie en cas d&rsquo;offre int\u00e9ressante<\/p>\n<p>Comme indiqu\u00e9 par RMC Sport, <a href=\"https:\/\/rmcsport.bfmtv.com\/football\/transferts\/mercato-pourquoi-l-om-a-ete-surpris-par-la-sortie-d-olivier-letang-dans-le-dossier-zhegrova_AP-202508290718.html\" title=\"Mercato: Pourquoi l\u2019OM a \u00e9t\u00e9 surpris par la sortie d\u2019Olivier L\u00e9tang dans le dossier Zhegrova\" class=\"internal_link\" rel=\"nofollow noopener\" target=\"_blank\">il y a pourtant eu des \u00e9changes au d\u00e9but de l&rsquo;\u00e9t\u00e9 entre L\u00e9tang et Longoria<\/a> au sujet de l&rsquo;attaquant lillois. Et l&rsquo;agent du joueur a lui-m\u00eame contact\u00e9 Marseille puisque Zhegrova avait un bon de sortie et n&rsquo;entrait pas forc\u00e9ment dans les plans de Lille la saison prochaine.<\/p>\n<p>Si le \u00ab\u00a0d\u00e9bat est clos\u00a0\u00bb pour le pr\u00e9sident des Dogues, l&rsquo;avenir d&rsquo;Edon Zhegrova ne s&rsquo;\u00e9crira peut-\u00eatre pas dans le Nord \u00e0 l&rsquo;issue du mercato. \u00ab\u00a0J&rsquo;ai donn\u00e9 ma parole au joueur en disant que s&rsquo;il y avait une proposition int\u00e9ressante d\u2019un club, il avait un bon de sortie. Il a beaucoup donn\u00e9 chez nous. Il lui reste moins de onze mois de contrat. La volont\u00e9 du joueur est de pouvoir jouer la Ligue des champions. Je n\u2019ai pas l\u2019intention de le bloquer\u00a0\u00bb, a-t-il ajout\u00e9.<\/p>\n","protected":false},"excerpt":{"rendered":"Alors que les relations sont tendues en coulisse entre l&rsquo;OM et le LOSC sur le dossier d&rsquo;Edon Zhegrova,&hellip;\n","protected":false},"author":2,"featured_media":301733,"comment_status":"","ping_status":"","sticky":false,"template":"","format":"standard","meta":{"footnotes":""},"categories":[2815],"tags":[1111,11,1777,674,1011,27,811,1307,12,25],"class_list":{"0":"post-354918","1":"post","2":"type-post","3":"status-publish","4":"format-standard","5":"has-post-thumbnail","7":"category-lille","8":"tag-actu","9":"tag-actualites","10":"tag-eu","11":"tag-europe","12":"tag-fr","13":"tag-france","14":"tag-hauts-de-france","15":"tag-lille","16":"tag-news","17":"tag-republique-francaise"},"share_on_mastodon":{"url":"https:\/\/pubeurope.com\/@fr\/115119029238841685","error":""},"_links":{"self":[{"href":"https:\/\/www.europesays.com\/fr\/wp-json\/wp\/v2\/posts\/354918","targetHints":{"allow":["GET"]}}],"collection":[{"href":"https:\/\/www.europesays.com\/fr\/wp-json\/wp\/v2\/posts"}],"about":[{"href":"https:\/\/www.europesays.com\/fr\/wp-json\/wp\/v2\/types\/post"}],"author":[{"embeddable":true,"href":"https:\/\/www.europesays.com\/fr\/wp-json\/wp\/v2\/users\/2"}],"replies":[{"embeddable":true,"href":"https:\/\/www.europesays.com\/fr\/wp-json\/wp\/v2\/comments?post=354918"}],"version-history":[{"count":0,"href":"https:\/\/www.europesays.com\/fr\/wp-json\/wp\/v2\/posts\/354918\/revisions"}],"wp:featuredmedia":[{"embeddable":true,"href":"https:\/\/www.europesays.com\/fr\/wp-json\/wp\/v2\/media\/301733"}],"wp:attachment":[{"href":"https:\/\/www.europesays.com\/fr\/wp-json\/wp\/v2\/media?parent=354918"}],"wp:term":[{"taxonomy":"category","embeddable":true,"href":"https:\/\/www.europesays.com\/fr\/wp-json\/wp\/v2\/categories?post=354918"},{"taxonomy":"post_tag","embeddable":true,"href":"https:\/\/www.europesays.com\/fr\/wp-json\/wp\/v2\/tags?post=354918"}],"curies":[{"name":"wp","href":"https:\/\/api.w.org\/{rel}","templated":true}]}}