{"id":35492,"date":"2025-04-19T03:24:09","date_gmt":"2025-04-19T03:24:09","guid":{"rendered":"https:\/\/www.europesays.com\/fr\/35492\/"},"modified":"2025-04-19T03:24:09","modified_gmt":"2025-04-19T03:24:09","slug":"les-etats-unis-veulent-faire-de-lafrique-du-sud-un-etat-paria-il-faut-leur-resister","status":"publish","type":"post","link":"https:\/\/www.europesays.com\/fr\/35492\/","title":{"rendered":"Les \u00c9tats-Unis veulent faire de l\u2019Afrique du Sud un \u00c9tat paria, il faut leur r\u00e9sister"},"content":{"rendered":"\n<p>En d\u00e9pit de quelques scandales de corruption et de la r\u00e9putation d\u00e9sastreuse du pays en mati\u00e8re de criminalit\u00e9, les dirigeants sud-africains ont pass\u00e9 les trente derni\u00e8res ann\u00e9es \u00e0 jouir du respect et de l\u2019admiration de la communaut\u00e9 internationale.<\/p>\n<p>De <a href=\"https:\/\/www.courrierinternational.com\/sujet\/nelson-mandela\" target=\"_blank\" rel=\"noopener\">Nelson Mandela<\/a> \u00e0 la Commission v\u00e9rit\u00e9 et r\u00e9conciliation, en passant par Desmond Tutu, la d\u00e9mocratie multiraciale, ou encore le film Invictus\u00a0: l\u2019histoire de la nation arc-en-ciel et la mani\u00e8re dont elle s\u2019\u00e9tait relev\u00e9e de l\u2019apartheid mis en place par l\u2019\u00c9tat supr\u00e9maciste blanc le plus organis\u00e9 de l\u2019histoire \u00e9taient \u00e9rig\u00e9es en mod\u00e8le de transition politique pacifique.<\/p>\n<p> Accusation d\u00e9lirante <\/p>\n<p>Autant dire que l\u2019Afrique du Sud n\u2019a pas du tout l\u2019habitude de se retrouver cast\u00e9e dans le r\u00f4le du m\u00e9chant. Et pourtant, \u00e0 la Maison-Blanche, c\u2019est le discours colport\u00e9 par le <a class=\"ithalc\" data-ithal=\"lien_externe\" data-ithalc=\"[nav_article]\" target=\"_blank\" href=\"http:\/\/www.courrierinternational.com\/sujet\/donald-trump\" rel=\"noopener\">pr\u00e9sident Trump<\/a> et ses plus proches alli\u00e9s. Le milliardaire d\u2019origine sud-africaine <a class=\"ithalc\" data-ithal=\"lien_externe\" data-ithalc=\"[nav_article]\" target=\"_blank\" href=\"http:\/\/www.courrierinternational.com\/sujet\/elon-musk\" rel=\"noopener\">Elon Musk<\/a> profite en effet du pouvoir sans pr\u00e9c\u00e9dent que lui donnent ses r\u00e9seaux sociaux pour propager des th\u00e9ories conspirationnistes sans fondement sur l\u2019existence d\u2019un \u201cg\u00e9nocide blanc\u201d en Afrique du Sud.<\/p>\n<p>L\u2019Afrique du Sud est trop proche de l\u2019Iran, affirment-ils. L\u2019Afrique du Sud soutient le Hamas et fait du tort \u00e0 l\u2019\u00c9tat d\u2019Isra\u00ebl. L\u2019Afrique <\/p>\n<p> <strong>La\u00a0suite est r\u00e9serv\u00e9e aux abonn\u00e9s\u2026 <\/strong> <\/p>\n<p>      <img decoding=\"async\" class=\"\" loading=\"lazy\" src=\"https:\/\/www.europesays.com\/fr\/wp-content\/uploads\/2025\/04\/martirena2.png\" width=\"640\" height=\"360\" alt=\"Dessin de Martirena\"\/>   <\/p>\n<ul class=\"paywall-arguments\">\n<li data-icon=\"check\">Acc\u00e9dez \u00e0\u00a0tous les contenus abonn\u00e9s<\/li>\n<li data-icon=\"check\">Soutenez une r\u00e9daction ind\u00e9pendante<\/li>\n<li data-icon=\"check\">Recevez le\u00a0R\u00e9veil Courrier chaque matin<\/li>\n<\/ul>\n<p class=\"article-authors\">                         <a href=\"https:\/\/www.courrierinternational.com\/auteur\/simon-allison\" target=\"_blank\" rel=\"noopener\">Simon Allison<\/a>    <\/p>\n<p class=\"article-vo\"><a href=\"https:\/\/www.thecontinent.org\/fr\/_files\/ugd\/287178_37f768b374bf47b7bdbc7c3f10a16028.pdf?index=true\" rel=\"noopener\" target=\"_blank\">Lire l\u2019article original<\/a><\/p>\n<p>Source de l\u2019article<\/p>\n<p>   The Continent (Johannesburg)      <\/p>\n<p>C\u2019est au c\u0153ur d\u2019un monde boulevers\u00e9\u00a0par la pand\u00e9mie de Covid-19 que\u00a0The Continent s\u2019est lanc\u00e9, en avril 2020.\u00a0Ce m\u00e9dia original\u00a0a pour ambition de r\u00e9unir \u201cles meilleurs des reportages\u201d faits aux quatre coins du continent africain. \u201cJamais le besoin d\u2019avoir acc\u00e8s \u00e0 une information pr\u00e9cise, profonde et juste n\u2019a \u00e9t\u00e9 aussi pressant\u201d, \u00e9crit le titre dans son premier \u00e9ditorial. \u201cNous ne pouvons vous distribuer des tests de d\u00e9pistage.\u00a0Nous n\u2019avons pas de respirateurs, mais nous avons un travail vital \u00e0 faire\u00a0: vous informer.\u201d Adoss\u00e9 au\u00a0tr\u00e8s r\u00e9put\u00e9 journal sud-africain Mail &amp; Guardian, The Continent est un hebdomadaire disponible gratuitement, au format PDF, et pens\u00e9 pour \u00eatre partag\u00e9 sur les r\u00e9seaux\u00a0sociaux.<\/p>\n<p>      <a href=\"https:\/\/www.courrierinternational.com\/notule-source\/continent-johannesburg\" class=\"source-link\" target=\"_blank\" rel=\"noopener\">Lire la suite<\/a>                <\/p>\n<p>Nos services<\/p>\n","protected":false},"excerpt":{"rendered":"En d\u00e9pit de quelques scandales de corruption et de la r\u00e9putation d\u00e9sastreuse du pays en mati\u00e8re de criminalit\u00e9,&hellip;\n","protected":false},"author":2,"featured_media":35493,"comment_status":"","ping_status":"","sticky":false,"template":"","format":"standard","meta":{"footnotes":""},"categories":[1589],"tags":[11,5594,3822,11520,73,1866,1892,12,770,1864,1865,1863,308],"class_list":{"0":"post-35492","1":"post","2":"type-post","3":"status-publish","4":"format-standard","5":"has-post-thumbnail","7":"category-etats-unis","8":"tag-actualites","9":"tag-afrique-du-sud","10":"tag-amu00e9riques","11":"tag-apartheid","12":"tag-etats-unis","13":"tag-etats-unis-damerique","14":"tag-gu00e9opolitique","15":"tag-news","16":"tag-u00e9tats-unis","17":"tag-united-states","18":"tag-united-states-of-america","19":"tag-us","20":"tag-usa"},"share_on_mastodon":{"url":"https:\/\/pubeurope.com\/@fr\/114362493526576500","error":""},"_links":{"self":[{"href":"https:\/\/www.europesays.com\/fr\/wp-json\/wp\/v2\/posts\/35492","targetHints":{"allow":["GET"]}}],"collection":[{"href":"https:\/\/www.europesays.com\/fr\/wp-json\/wp\/v2\/posts"}],"about":[{"href":"https:\/\/www.europesays.com\/fr\/wp-json\/wp\/v2\/types\/post"}],"author":[{"embeddable":true,"href":"https:\/\/www.europesays.com\/fr\/wp-json\/wp\/v2\/users\/2"}],"replies":[{"embeddable":true,"href":"https:\/\/www.europesays.com\/fr\/wp-json\/wp\/v2\/comments?post=35492"}],"version-history":[{"count":0,"href":"https:\/\/www.europesays.com\/fr\/wp-json\/wp\/v2\/posts\/35492\/revisions"}],"wp:featuredmedia":[{"embeddable":true,"href":"https:\/\/www.europesays.com\/fr\/wp-json\/wp\/v2\/media\/35493"}],"wp:attachment":[{"href":"https:\/\/www.europesays.com\/fr\/wp-json\/wp\/v2\/media?parent=35492"}],"wp:term":[{"taxonomy":"category","embeddable":true,"href":"https:\/\/www.europesays.com\/fr\/wp-json\/wp\/v2\/categories?post=35492"},{"taxonomy":"post_tag","embeddable":true,"href":"https:\/\/www.europesays.com\/fr\/wp-json\/wp\/v2\/tags?post=35492"}],"curies":[{"name":"wp","href":"https:\/\/api.w.org\/{rel}","templated":true}]}}