{"id":354920,"date":"2025-08-30T18:02:15","date_gmt":"2025-08-30T18:02:15","guid":{"rendered":"https:\/\/www.europesays.com\/fr\/354920\/"},"modified":"2025-08-30T18:02:15","modified_gmt":"2025-08-30T18:02:15","slug":"marseille-terre-de-combats-feministes","status":"publish","type":"post","link":"https:\/\/www.europesays.com\/fr\/354920\/","title":{"rendered":"Marseille, terre de combats f\u00e9ministes"},"content":{"rendered":"<p>Les Marseillaises ont le verbe haut, parlent fort et ne s\u2019en cachent pas, n\u2019ont pas peur de lutter pour leurs droits.\u00a0La journaliste <a href=\"https:\/\/www.laprovence.com\/article\/region\/19467608372137\/marseille-trop-puissante-50-ans-d-histoires-feministes-et-rebelles\" target=\"_blank\" rel=\"noopener\">Margaux Mazellier a consacr\u00e9 un ouvrage<\/a>, intitul\u00e9 justement Marseille trop puissante, 50\u00a0ans de f\u00e9minisme dans la ville la plus rebelle de France (Hors d\u2019atteinte, 17\u00a0euros). Ce livre de t\u00e9moignage retrace les combats f\u00e9ministes \u00e0 travers 33\u00a0figures de luttes d\u2019hier et d\u2019aujourd\u2019hui.<\/p>\n<p>On y retrouve une partie de l\u2019histoire du <a href=\"https:\/\/www.laprovence.com\/article\/region\/62962115802002\/marseille-depuis-60-ans-le-planning-defend-les-libertes\" target=\"_blank\" rel=\"noopener\">Planning familial<\/a>, du MLAC (Mouvement pour la libert\u00e9 de l\u2019avortement et de la contraception) et de toutes les mobilisations qui jalonn\u00e8rent la ville depuis les ann\u00e9es\u00a01970.\u00a0\u00c0 cette \u00e9poque, la premi\u00e8re vague du f\u00e9minisme commence \u00e0 se diluer dans la seconde vague du mouvement, les revendications \u00e9voluent et les mani\u00e8res de les exprimer aussi.<\/p>\n<p>L\u2019IVG r\u00e9clam\u00e9e dans les rues de Marseille<\/p>\n<p>Plusieurs associations de femmes militantes existent d\u00e9j\u00e0 mais d\u2019autres naissent, avec pour objectif de renverser les r\u00f4les jusqu\u2019ici assign\u00e9s aux femmes. Parmi elles, le mouvement marseillais pour le Planning familial. L\u2019association est implant\u00e9e rue de Rome et compte plusieurs centaines d\u2019adh\u00e9rentes qui luttent pour l\u2019acc\u00e8s \u00e0 la contraception.<\/p>\n","protected":false},"excerpt":{"rendered":"Les Marseillaises ont le verbe haut, parlent fort et ne s\u2019en cachent pas, n\u2019ont pas peur de lutter&hellip;\n","protected":false},"author":2,"featured_media":354921,"comment_status":"","ping_status":"","sticky":false,"template":"","format":"standard","meta":{"footnotes":""},"categories":[2814],"tags":[17,1111,11,15112,1777,674,12193,1011,27,884,12,882,48102,16,25,4505],"class_list":{"0":"post-354920","1":"post","2":"type-post","3":"status-publish","4":"format-standard","5":"has-post-thumbnail","7":"category-marseille","8":"tag-17","9":"tag-actu","10":"tag-actualites","11":"tag-combats","12":"tag-eu","13":"tag-europe","14":"tag-feministes","15":"tag-fr","16":"tag-france","17":"tag-marseille","18":"tag-news","19":"tag-provence-alpes-cote-dazur","20":"tag-rebelle","21":"tag-region","22":"tag-republique-francaise","23":"tag-terre"},"share_on_mastodon":{"url":"https:\/\/pubeurope.com\/@fr\/115119033124344969","error":""},"_links":{"self":[{"href":"https:\/\/www.europesays.com\/fr\/wp-json\/wp\/v2\/posts\/354920","targetHints":{"allow":["GET"]}}],"collection":[{"href":"https:\/\/www.europesays.com\/fr\/wp-json\/wp\/v2\/posts"}],"about":[{"href":"https:\/\/www.europesays.com\/fr\/wp-json\/wp\/v2\/types\/post"}],"author":[{"embeddable":true,"href":"https:\/\/www.europesays.com\/fr\/wp-json\/wp\/v2\/users\/2"}],"replies":[{"embeddable":true,"href":"https:\/\/www.europesays.com\/fr\/wp-json\/wp\/v2\/comments?post=354920"}],"version-history":[{"count":0,"href":"https:\/\/www.europesays.com\/fr\/wp-json\/wp\/v2\/posts\/354920\/revisions"}],"wp:featuredmedia":[{"embeddable":true,"href":"https:\/\/www.europesays.com\/fr\/wp-json\/wp\/v2\/media\/354921"}],"wp:attachment":[{"href":"https:\/\/www.europesays.com\/fr\/wp-json\/wp\/v2\/media?parent=354920"}],"wp:term":[{"taxonomy":"category","embeddable":true,"href":"https:\/\/www.europesays.com\/fr\/wp-json\/wp\/v2\/categories?post=354920"},{"taxonomy":"post_tag","embeddable":true,"href":"https:\/\/www.europesays.com\/fr\/wp-json\/wp\/v2\/tags?post=354920"}],"curies":[{"name":"wp","href":"https:\/\/api.w.org\/{rel}","templated":true}]}}