{"id":354924,"date":"2025-08-30T18:04:18","date_gmt":"2025-08-30T18:04:18","guid":{"rendered":"https:\/\/www.europesays.com\/fr\/354924\/"},"modified":"2025-08-30T18:04:18","modified_gmt":"2025-08-30T18:04:18","slug":"enquete-ouverte-pour-tentative-de-meurtre-apres-une-agression-au-couteau-a-villeurbanne","status":"publish","type":"post","link":"https:\/\/www.europesays.com\/fr\/354924\/","title":{"rendered":"Enqu\u00eate ouverte pour tentative de meurtre apr\u00e8s une agression au couteau \u00e0 Villeurbanne"},"content":{"rendered":"<p itemprop=\"description\"><strong>La rixe s\u2019\u00e9tait produite en pleine rue.<\/strong><\/p>\n<p>Une enqu\u00eate pour tentative de meurtre a \u00e9t\u00e9 ouverte par le parquet de Lyon apr\u00e8s la<a href=\"https:\/\/www.lyonmag.com\/article\/146344\/un-homme-entre-la-vie-et-la-mort-apres-une-rixe-a-villeurbanne\" target=\"_blank\" rel=\"noopener nofollow\"> violente rixe survenue jeudi 28 ao\u00fbt<\/a>, vers 15 heures, rue de la Soie \u00e0 Villeurbanne.\u00a0<\/p>\n<p>Un homme avait \u00e9t\u00e9 gri\u00e8vement bless\u00e9 par un coup port\u00e9 \u00e0 l\u2019art\u00e8re f\u00e9morale et transport\u00e9 \u00e0 l\u2019h\u00f4pital dans un \u00e9tat critique.<\/p>\n<p>Pour rappel, peu apr\u00e8s les faits, un suspect a \u00e9t\u00e9 interpell\u00e9 par la Brigade anticriminalit\u00e9 (BAC) et plac\u00e9 en garde \u00e0 vue. Sur place, les policiers ont \u00e9galement saisi un couteau \u00e0 lame pliante, qui pourrait correspondre \u00e0 l\u2019arme de l\u2019agression.<\/p>\n<p>Si les circonstances exactes restent encore \u00e0 \u00e9claircir, les premiers \u00e9l\u00e9ments de l\u2019enqu\u00eate \u00e9voquent un diff\u00e9rend autour d\u2019une trottinette. Le parquet de Lyon confirme la qualification de tentative de meurtre.<\/p>\n","protected":false},"excerpt":{"rendered":"La rixe s\u2019\u00e9tait produite en pleine rue. Une enqu\u00eate pour tentative de meurtre a \u00e9t\u00e9 ouverte par le&hellip;\n","protected":false},"author":2,"featured_media":354925,"comment_status":"","ping_status":"","sticky":false,"template":"","format":"standard","meta":{"footnotes":""},"categories":[1889],"tags":[1111,11,2813,2190,2430,1109,251,1112,2811,1777,674,118,1011,27,1922,1110,1114,2428,2810,12,241,316,25,2812,517,800],"class_list":{"0":"post-354924","1":"post","2":"type-post","3":"status-publish","4":"format-standard","5":"has-post-thumbnail","7":"category-lyon","8":"tag-actu","9":"tag-actualites","10":"tag-article","11":"tag-asvel","12":"tag-auvergne-rhone-alpes","13":"tag-breves","14":"tag-culture","15":"tag-depeches","16":"tag-economique","17":"tag-eu","18":"tag-europe","19":"tag-faits-divers","20":"tag-fr","21":"tag-france","22":"tag-info","23":"tag-informations","24":"tag-infos","25":"tag-lyon","26":"tag-lyonmag","27":"tag-news","28":"tag-ol","29":"tag-politique","30":"tag-republique-francaise","31":"tag-sociale","32":"tag-sport","33":"tag-transports"},"share_on_mastodon":{"url":"https:\/\/pubeurope.com\/@fr\/115119040951837142","error":""},"_links":{"self":[{"href":"https:\/\/www.europesays.com\/fr\/wp-json\/wp\/v2\/posts\/354924","targetHints":{"allow":["GET"]}}],"collection":[{"href":"https:\/\/www.europesays.com\/fr\/wp-json\/wp\/v2\/posts"}],"about":[{"href":"https:\/\/www.europesays.com\/fr\/wp-json\/wp\/v2\/types\/post"}],"author":[{"embeddable":true,"href":"https:\/\/www.europesays.com\/fr\/wp-json\/wp\/v2\/users\/2"}],"replies":[{"embeddable":true,"href":"https:\/\/www.europesays.com\/fr\/wp-json\/wp\/v2\/comments?post=354924"}],"version-history":[{"count":0,"href":"https:\/\/www.europesays.com\/fr\/wp-json\/wp\/v2\/posts\/354924\/revisions"}],"wp:featuredmedia":[{"embeddable":true,"href":"https:\/\/www.europesays.com\/fr\/wp-json\/wp\/v2\/media\/354925"}],"wp:attachment":[{"href":"https:\/\/www.europesays.com\/fr\/wp-json\/wp\/v2\/media?parent=354924"}],"wp:term":[{"taxonomy":"category","embeddable":true,"href":"https:\/\/www.europesays.com\/fr\/wp-json\/wp\/v2\/categories?post=354924"},{"taxonomy":"post_tag","embeddable":true,"href":"https:\/\/www.europesays.com\/fr\/wp-json\/wp\/v2\/tags?post=354924"}],"curies":[{"name":"wp","href":"https:\/\/api.w.org\/{rel}","templated":true}]}}