{"id":354926,"date":"2025-08-30T18:10:14","date_gmt":"2025-08-30T18:10:14","guid":{"rendered":"https:\/\/www.europesays.com\/fr\/354926\/"},"modified":"2025-08-30T18:10:14","modified_gmt":"2025-08-30T18:10:14","slug":"ligue-1-lyon-marseille-attention-chantiers-en-cours","status":"publish","type":"post","link":"https:\/\/www.europesays.com\/fr\/354926\/","title":{"rendered":"Ligue 1 : Lyon &#8211; Marseille, attention chantiers en cours"},"content":{"rendered":"<p><strong>Lyon\u00a0&#8211; Marseille<\/strong><\/p>\n<p>Un nouveau OL\u00a0&#8211; OM de folie\u00a0? La saison derni\u00e8re, l\u2019affrontement \u00e0 D\u00e9cines entre les\u00a0deux Olympiques avait donn\u00e9 lieu \u00e0 un match anim\u00e9, remport\u00e9 3-2 par l\u2019OM et marqu\u00e9 par le magnifique but inscrit \u00e0 la derni\u00e8re seconde par <a target=\"_self\" href=\"https:\/\/www.lanouvellerepublique.fr\/sports\/ligue-1-pousse-dehors-par-l-om-jonathan-rowe-rejoint-bologne-1756043106\" rel=\"nofollow noopener\">Jonathan Rowe<\/a>.<\/p>\n<p>Le grand public n\u2019avait ensuite plus beaucoup entendu parler de l\u2019attaquant anglais, jusqu\u2019\u00e0 sa fameuse bagarre avec Adrien Rabiot apr\u00e8s la d\u00e9faite inaugurale de l\u2019OM \u00e0 Rennes, qui perturbe toujours grandement la fin d\u2019\u00e9t\u00e9 marseillaise.<\/p>\n<p>Vendredi en conf\u00e9rence de presse, l\u2019entra\u00eeneur du club phoc\u00e9en Roberto De Zerbi a ainsi vainement tent\u00e9 d\u2019\u00e9carter le sujet, comme il a exp\u00e9di\u00e9 la question du tirage au sort de la Ligue des champions. \u00ab\u00a0C\u2019est un match tr\u00e8s important et je ne pense qu\u2019\u00e0 \u00e7a. Je ne pense qu\u2019\u00e0 savoir combien Hamed Traor\u00e9 (la nouvelle recrue marseillaise) a de minutes dans les jambes, \u00e0 si je dois lancer Bilal Nadir d\u00e8s le d\u00e9but, \u00e0 qui faire jouer entre Amir Murillo, Tim Weah et Ulisses Garcia. Je ne pense qu\u2019\u00e0 pr\u00e9parer ce match\u00a0\u00bb, a-t-il lanc\u00e9.<\/p>\n<p>Toujours Rabiot<\/p>\n<p>Mais De Zerbi a tout de m\u00eame \u00e9t\u00e9 oblig\u00e9 de parler de Rabiot, toujours pr\u00e9sent \u00e0 Marseille et qui s\u2019entra\u00eene encore en marge du groupe. \u00ab\u00a0Je crois que s\u2019il y a la volont\u00e9 de faire un pas en arri\u00e8re avec humilit\u00e9, comme je l\u2019ai sugg\u00e9r\u00e9 \u00e0 Adrien, les choses peuvent se r\u00e9gler. Si en revanche on se laisse prendre par l\u2019orgueil ou par autre chose, alors je ne sais pas\u00a0\u00bb, a-t-il notamment d\u00e9clar\u00e9, avant de clore la discussion.<\/p>\n<p>\u00ab\u00a0Le dossier Rabiot, pour le moment, ne me regarde plus. Seulement le club\u00a0\u00bb, a ainsi l\u00e2ch\u00e9 le technicien, qui sait aussi que les deux premiers matchs de son \u00e9quipe (d\u00e9faite 1-0 \u00e0 Rennes et p\u00e9nible victoire 5-2 face au Paris FC) ont \u00e9t\u00e9 trop insuffisants pour perdre plus de temps \u00e0 penser aux absents. \u00ab\u00a0Ils ont perdu des joueurs importants mais ils ont six points. Ils sont devant nous et on va devoir faire un grand match si on veut gagner\u00a0\u00bb, a ainsi rappel\u00e9 De Zerbi \u00e0 propos de l\u2019OL.<\/p>\n<p>Car si les deux Olympiques sont encore pleinement plong\u00e9s dans le mercato, ils sont face \u00e0 des logiques diff\u00e9rentes\u00a0: l\u2019OM de De Zerbi, Pablo Longoria et Medhi Benatia cherche \u00e0 se renforcer encore, alors que l\u2019OL de Paulo Fonseca en est encore \u00e0 se s\u00e9parer de titulaires pour solder les d\u00e9rives de la gestion John Textor.<\/p>\n<p>Sans Mikautadze<\/p>\n<p>Juste avant le grand match de dimanche, Fonseca a ainsi vu dispara\u00eetre Georges Mikautadze, en route pour Villarreal et un transfert dont les finances lyonnaises avaient besoin. \u00ab\u00a0Je pense qu\u2019ils joueront. Je pr\u00e9pare l\u2019\u00e9quipe pour les faire jouer tous les deux mais je ne sais pas ce qu\u2019il se passera d\u2019ici le match de dimanche\u00a0\u00bb, avait d\u2019ailleurs d\u00e9clar\u00e9 Fonseca vendredi \u00e0 propos de l\u2019avant-centre g\u00e9orgien et de Malick Fofana \u00e9galement en instance de d\u00e9part.<\/p>\n<p>\u00ab\u00a0La fin de mercato est toujours difficile. Mais je vis cela tranquillement. Nous connaissons la r\u00e9alit\u00e9 \u00e9conomique du club et j\u2019attends les derniers jours. Fofana et Mikautadze sont deux joueurs importants pour nous mais nous avons la n\u00e9cessit\u00e9 de vendre un joueur\u00a0\u00bb, avait aussi rappel\u00e9 le technicien portugais. L\u2019OL n\u2019a finalement r\u00e9ussi qu\u2019\u00e0 sauver un des deux, l\u2019ailier belge, qui sera dimanche la principale menace pour la d\u00e9fense marseillaise, tr\u00e8s fragile depuis le d\u00e9but du championnat.<\/p>\n<p>L\u2019incertitude Rabiot et une arri\u00e8re-garde inqui\u00e9tante d\u2019un c\u00f4t\u00e9, une attaque d\u00e9plum\u00e9e et un effectif rabougri de l\u2019autre, chacun ses probl\u00e8mes. L\u2019affiche, quoi qu\u2019il en soit, reste belle.<\/p>\n<p>Ce dimanche 31\u00a0septembre \u00e0 20\u00a0h\u00a045 sur Ligue 1 +.<\/p>\n","protected":false},"excerpt":{"rendered":"Lyon\u00a0&#8211; Marseille Un nouveau OL\u00a0&#8211; OM de folie\u00a0? La saison derni\u00e8re, l\u2019affrontement \u00e0 D\u00e9cines entre les\u00a0deux Olympiques avait&hellip;\n","protected":false},"author":2,"featured_media":354927,"comment_status":"","ping_status":"","sticky":false,"template":"","format":"standard","meta":{"footnotes":""},"categories":[1889],"tags":[1111,11,2430,1777,674,63,1011,27,66,2428,12,25,60],"class_list":{"0":"post-354926","1":"post","2":"type-post","3":"status-publish","4":"format-standard","5":"has-post-thumbnail","7":"category-lyon","8":"tag-actu","9":"tag-actualites","10":"tag-auvergne-rhone-alpes","11":"tag-eu","12":"tag-europe","13":"tag-football","14":"tag-fr","15":"tag-france","16":"tag-ligue-1","17":"tag-lyon","18":"tag-news","19":"tag-republique-francaise","20":"tag-sports"},"share_on_mastodon":{"url":"https:\/\/pubeurope.com\/@fr\/115119064526246228","error":""},"_links":{"self":[{"href":"https:\/\/www.europesays.com\/fr\/wp-json\/wp\/v2\/posts\/354926","targetHints":{"allow":["GET"]}}],"collection":[{"href":"https:\/\/www.europesays.com\/fr\/wp-json\/wp\/v2\/posts"}],"about":[{"href":"https:\/\/www.europesays.com\/fr\/wp-json\/wp\/v2\/types\/post"}],"author":[{"embeddable":true,"href":"https:\/\/www.europesays.com\/fr\/wp-json\/wp\/v2\/users\/2"}],"replies":[{"embeddable":true,"href":"https:\/\/www.europesays.com\/fr\/wp-json\/wp\/v2\/comments?post=354926"}],"version-history":[{"count":0,"href":"https:\/\/www.europesays.com\/fr\/wp-json\/wp\/v2\/posts\/354926\/revisions"}],"wp:featuredmedia":[{"embeddable":true,"href":"https:\/\/www.europesays.com\/fr\/wp-json\/wp\/v2\/media\/354927"}],"wp:attachment":[{"href":"https:\/\/www.europesays.com\/fr\/wp-json\/wp\/v2\/media?parent=354926"}],"wp:term":[{"taxonomy":"category","embeddable":true,"href":"https:\/\/www.europesays.com\/fr\/wp-json\/wp\/v2\/categories?post=354926"},{"taxonomy":"post_tag","embeddable":true,"href":"https:\/\/www.europesays.com\/fr\/wp-json\/wp\/v2\/tags?post=354926"}],"curies":[{"name":"wp","href":"https:\/\/api.w.org\/{rel}","templated":true}]}}