{"id":354930,"date":"2025-08-30T18:13:26","date_gmt":"2025-08-30T18:13:26","guid":{"rendered":"https:\/\/www.europesays.com\/fr\/354930\/"},"modified":"2025-08-30T18:13:26","modified_gmt":"2025-08-30T18:13:26","slug":"informations-supporters-pour-le-match-paris-fc-fc-metz-tribune-visiteurs","status":"publish","type":"post","link":"https:\/\/www.europesays.com\/fr\/354930\/","title":{"rendered":"Informations supporters pour le match Paris FC \u2013 FC Metz : tribune visiteurs"},"content":{"rendered":"<p>Conform\u00e9ment aux mesures prises par la Pr\u00e9fecture de Police de Paris, la tribune \u00ab visiteurs \u00bb sera limit\u00e9e \u00e0\u00a0<strong>650 supporters messins<\/strong>.<\/p>\n<p>L\u2019acheminement des supporters identifi\u00e9s comme appartenant aux groupes \u00ab Gruppa Metz \u00bb et \u00ab Harda Fr\u00e9n\u00e9tik \u00bb s\u2019effectuera selon un dispositif encadr\u00e9 :<\/p>\n<ul class=\"wp-block-list\">\n<li>Transport exclusivement en bus collectif, immatriculations transmises par le FC Metz aux autorit\u00e9s comp\u00e9tentes ;<\/li>\n<li>D\u00e9tention obligatoire d\u2019un billet ou d\u2019une contremarque d\u00e9livr\u00e9e par le FC Metz ;<\/li>\n<li>Point de rendez-vous fix\u00e9 le\u00a0<strong>dimanche 31 ao\u00fbt \u00e0 14h45<\/strong>\u00a0sur l\u2019autoroute A4 (p\u00e9age de Coutevroult \u2013 sens Province &gt; Paris) ;<\/li>\n<li>Escorte polici\u00e8re jusqu\u2019au parking visiteurs du Stade Jean Bouin, puis acheminement inverse en fin de rencontre.<\/li>\n<\/ul>\n<p>Ces mesures d\u2019encadrement\u00a0ne concernent pas\u00a0les supporters du FC Metz r\u00e9sidant en \u00cele-de-France, qui pourront rejoindre directement le parcage visiteurs par leurs propres moyens.<\/p>\n<p>Par ailleurs, un arr\u00eat\u00e9 pr\u00e9fectoral interdit, le dimanche 31 ao\u00fbt 2025 entre 14h15 et 21h30, la pr\u00e9sence et la circulation aux abords du Stade Jean Bouin de toute personne se pr\u00e9valant de la qualit\u00e9 de supporter du FC Metz (hors 650 personnes autoris\u00e9es en parcage visiteurs).<\/p>\n<p>Nous invitons l\u2019ensemble des supporters \u00e0 prendre connaissance de l\u2019arr\u00eat\u00e9 pr\u00e9fectoral complet<strong>\u00a0<a href=\"https:\/\/parisfc.fr\/wp-content\/uploads\/2025\/08\/Arrete-2025-01056.pdf\" rel=\"nofollow noopener\" target=\"_blank\">ICI<\/a><\/strong><\/p>\n","protected":false},"excerpt":{"rendered":"Conform\u00e9ment aux mesures prises par la Pr\u00e9fecture de Police de Paris, la tribune \u00ab visiteurs \u00bb sera limit\u00e9e&hellip;\n","protected":false},"author":2,"featured_media":354931,"comment_status":"","ping_status":"","sticky":false,"template":"","format":"standard","meta":{"footnotes":""},"categories":[1888],"tags":[1111,1928,11,1927,1777,674,1011,27,12,1926,626,1925,25],"class_list":{"0":"post-354930","1":"post","2":"type-post","3":"status-publish","4":"format-standard","5":"has-post-thumbnail","7":"category-paris","8":"tag-actu","9":"tag-actu-paris","10":"tag-actualites","11":"tag-actualites-paris","12":"tag-eu","13":"tag-europe","14":"tag-fr","15":"tag-france","16":"tag-news","17":"tag-news-paris","18":"tag-paris","19":"tag-paris-news","20":"tag-republique-francaise"},"share_on_mastodon":{"url":"https:\/\/pubeurope.com\/@fr\/115119076375444366","error":""},"_links":{"self":[{"href":"https:\/\/www.europesays.com\/fr\/wp-json\/wp\/v2\/posts\/354930","targetHints":{"allow":["GET"]}}],"collection":[{"href":"https:\/\/www.europesays.com\/fr\/wp-json\/wp\/v2\/posts"}],"about":[{"href":"https:\/\/www.europesays.com\/fr\/wp-json\/wp\/v2\/types\/post"}],"author":[{"embeddable":true,"href":"https:\/\/www.europesays.com\/fr\/wp-json\/wp\/v2\/users\/2"}],"replies":[{"embeddable":true,"href":"https:\/\/www.europesays.com\/fr\/wp-json\/wp\/v2\/comments?post=354930"}],"version-history":[{"count":0,"href":"https:\/\/www.europesays.com\/fr\/wp-json\/wp\/v2\/posts\/354930\/revisions"}],"wp:featuredmedia":[{"embeddable":true,"href":"https:\/\/www.europesays.com\/fr\/wp-json\/wp\/v2\/media\/354931"}],"wp:attachment":[{"href":"https:\/\/www.europesays.com\/fr\/wp-json\/wp\/v2\/media?parent=354930"}],"wp:term":[{"taxonomy":"category","embeddable":true,"href":"https:\/\/www.europesays.com\/fr\/wp-json\/wp\/v2\/categories?post=354930"},{"taxonomy":"post_tag","embeddable":true,"href":"https:\/\/www.europesays.com\/fr\/wp-json\/wp\/v2\/tags?post=354930"}],"curies":[{"name":"wp","href":"https:\/\/api.w.org\/{rel}","templated":true}]}}