{"id":354934,"date":"2025-08-30T18:15:10","date_gmt":"2025-08-30T18:15:10","guid":{"rendered":"https:\/\/www.europesays.com\/fr\/354934\/"},"modified":"2025-08-30T18:15:10","modified_gmt":"2025-08-30T18:15:10","slug":"deux-morts-en-un-mois-la-rue-marx-dormoy-a-paris-a-nouveau-endeuillee-apres-le-meurtre-au-couteau-dun-afghan","status":"publish","type":"post","link":"https:\/\/www.europesays.com\/fr\/354934\/","title":{"rendered":"Deux morts en un mois : la rue Marx-Dormoy \u00e0 Paris\u00a0\u00e0 nouveau endeuill\u00e9e apr\u00e8s le meurtre au couteau d\u2019un Afghan"},"content":{"rendered":"<p class=\"paragraph text_align_left lp-f-body-02\">Selon de premiers \u00e9l\u00e9ments, que l\u2019enqu\u00eate devra confirmer, un Afghan aurait tent\u00e9 de d\u00e9lester de sa montre un homme, lui aussi de nationalit\u00e9 afghane. Mais la tentative de vol aurait vite d\u00e9g\u00e9n\u00e9r\u00e9 en coups de couteau. La victime s\u2019est effondr\u00e9e sur le bitume, devant une sandwicherie, vers 13 heures. Les secours, rapidement sur place, n\u2019ont rien pu faire pour la r\u00e9animer. <\/p>\n","protected":false},"excerpt":{"rendered":"Selon de premiers \u00e9l\u00e9ments, que l\u2019enqu\u00eate devra confirmer, un Afghan aurait tent\u00e9 de d\u00e9lester de sa montre un&hellip;\n","protected":false},"author":2,"featured_media":354935,"comment_status":"","ping_status":"","sticky":false,"template":"","format":"standard","meta":{"footnotes":""},"categories":[1888],"tags":[11,1777,674,118,1011,27,12,626,25],"class_list":{"0":"post-354934","1":"post","2":"type-post","3":"status-publish","4":"format-standard","5":"has-post-thumbnail","7":"category-paris","8":"tag-actualites","9":"tag-eu","10":"tag-europe","11":"tag-faits-divers","12":"tag-fr","13":"tag-france","14":"tag-news","15":"tag-paris","16":"tag-republique-francaise"},"share_on_mastodon":{"url":"https:\/\/pubeurope.com\/@fr\/115119084303598708","error":""},"_links":{"self":[{"href":"https:\/\/www.europesays.com\/fr\/wp-json\/wp\/v2\/posts\/354934","targetHints":{"allow":["GET"]}}],"collection":[{"href":"https:\/\/www.europesays.com\/fr\/wp-json\/wp\/v2\/posts"}],"about":[{"href":"https:\/\/www.europesays.com\/fr\/wp-json\/wp\/v2\/types\/post"}],"author":[{"embeddable":true,"href":"https:\/\/www.europesays.com\/fr\/wp-json\/wp\/v2\/users\/2"}],"replies":[{"embeddable":true,"href":"https:\/\/www.europesays.com\/fr\/wp-json\/wp\/v2\/comments?post=354934"}],"version-history":[{"count":0,"href":"https:\/\/www.europesays.com\/fr\/wp-json\/wp\/v2\/posts\/354934\/revisions"}],"wp:featuredmedia":[{"embeddable":true,"href":"https:\/\/www.europesays.com\/fr\/wp-json\/wp\/v2\/media\/354935"}],"wp:attachment":[{"href":"https:\/\/www.europesays.com\/fr\/wp-json\/wp\/v2\/media?parent=354934"}],"wp:term":[{"taxonomy":"category","embeddable":true,"href":"https:\/\/www.europesays.com\/fr\/wp-json\/wp\/v2\/categories?post=354934"},{"taxonomy":"post_tag","embeddable":true,"href":"https:\/\/www.europesays.com\/fr\/wp-json\/wp\/v2\/tags?post=354934"}],"curies":[{"name":"wp","href":"https:\/\/api.w.org\/{rel}","templated":true}]}}