{"id":354936,"date":"2025-08-30T18:16:14","date_gmt":"2025-08-30T18:16:14","guid":{"rendered":"https:\/\/www.europesays.com\/fr\/354936\/"},"modified":"2025-08-30T18:16:14","modified_gmt":"2025-08-30T18:16:14","slug":"paris-fc-metz-la-composition-probable-des-parisiens-avec-les-grands-debuts-de-kevin-trapp-dans-les-buts","status":"publish","type":"post","link":"https:\/\/www.europesays.com\/fr\/354936\/","title":{"rendered":"Paris FC-Metz\u00a0: la composition probable des Parisiens avec les grands d\u00e9buts de Kevin Trapp dans les buts"},"content":{"rendered":"<p class=\"paragraph text_align_left lp-f-body-02\">Kevin Trapp, l\u2019exp\u00e9riment\u00e9 gardien allemand, sera titulaire dans les buts du <a href=\"https:\/\/www.leparisien.fr\/sports\/football\/paris-fc\/\" target=\"_self\" rel=\"nofollow noopener\">Paris FC<\/a> ce dimanche contre Metz lors de la 3e journ\u00e9e de Ligue 1. Touch\u00e9 \u00e0 un tendon, Obed Nkambadio qui avait \u00e9t\u00e9 confort\u00e9 comme num\u00e9ro 1 par St\u00e9phane Gilli malgr\u00e9 la signature de l\u2019ex-gardien du PSG, est forfait pour ce premier match \u00e0 Jean-Bouin.<\/p>\n<p class=\"paragraph text_align_left lp-f-body-02\">Deux autres joueurs \u00e9taient incertains : Pierre-Yves Hamel (adducteurs) et Alimami Gory (cheville). Ils seront \u00e9galement absents.<\/p>\n<p class=\"paragraph text_align_left lp-f-body-02\">Si la d\u00e9fense ne devrait pas changer, St\u00e9phane Gilli peut soit choisir une option \u00e0 trois milieux en titularisant Adama Camara ou <a href=\"https:\/\/www.leparisien.fr\/sports\/football\/ligue-1\/mercato-paris-fc-pierre-lees-melou-a-signe-jusquen-2027-28-08-2025-MM5AXYTTAFAXVNHWJIT5S7HAK4.php\" target=\"_self\" rel=\"nofollow noopener\">Pierre Lees-Melou, arriv\u00e9 jeudi de Brest, <\/a>soit une option plus offensive avec un attaquant suppl\u00e9mentaire, Jean-Philippe Krasso. Ilan Kebbal, \u00e9tincelant lors des deux premiers matchs \u00e0 Angers et Marseille, et Moses Simon \u00e9volueront sur les c\u00f4t\u00e9s.<\/p>\n<p class=\"paragraph text_align_left lp-f-body-02\"><b>L\u2019\u00e9quipe probable<\/b> : Trapp &#8211; Chergui, Mbow, Otavio, Sangui &#8211; M. Lopez (cap.), Marchetti &#8211; Kebbal, Krasso (ou Lees-Melou), Simon &#8211; Geubbels. <\/p>\n<p class=\"paragraph text_align_left lp-f-body-02\"><b>Rempla\u00e7ants<\/b> : Riou, Kolodziejczak, De Smet, Camara, Doucet, Cafaro, Lees-Melou (ou Krasso), J. Lopez, Dicko.<\/p>\n","protected":false},"excerpt":{"rendered":"Kevin Trapp, l\u2019exp\u00e9riment\u00e9 gardien allemand, sera titulaire dans les buts du Paris FC ce dimanche contre Metz lors&hellip;\n","protected":false},"author":2,"featured_media":354937,"comment_status":"","ping_status":"","sticky":false,"template":"","format":"standard","meta":{"footnotes":""},"categories":[1888],"tags":[11,1777,674,63,1011,27,66,12,626,25,60],"class_list":{"0":"post-354936","1":"post","2":"type-post","3":"status-publish","4":"format-standard","5":"has-post-thumbnail","7":"category-paris","8":"tag-actualites","9":"tag-eu","10":"tag-europe","11":"tag-football","12":"tag-fr","13":"tag-france","14":"tag-ligue-1","15":"tag-news","16":"tag-paris","17":"tag-republique-francaise","18":"tag-sports"},"share_on_mastodon":{"url":"https:\/\/pubeurope.com\/@fr\/115119088125094298","error":""},"_links":{"self":[{"href":"https:\/\/www.europesays.com\/fr\/wp-json\/wp\/v2\/posts\/354936","targetHints":{"allow":["GET"]}}],"collection":[{"href":"https:\/\/www.europesays.com\/fr\/wp-json\/wp\/v2\/posts"}],"about":[{"href":"https:\/\/www.europesays.com\/fr\/wp-json\/wp\/v2\/types\/post"}],"author":[{"embeddable":true,"href":"https:\/\/www.europesays.com\/fr\/wp-json\/wp\/v2\/users\/2"}],"replies":[{"embeddable":true,"href":"https:\/\/www.europesays.com\/fr\/wp-json\/wp\/v2\/comments?post=354936"}],"version-history":[{"count":0,"href":"https:\/\/www.europesays.com\/fr\/wp-json\/wp\/v2\/posts\/354936\/revisions"}],"wp:featuredmedia":[{"embeddable":true,"href":"https:\/\/www.europesays.com\/fr\/wp-json\/wp\/v2\/media\/354937"}],"wp:attachment":[{"href":"https:\/\/www.europesays.com\/fr\/wp-json\/wp\/v2\/media?parent=354936"}],"wp:term":[{"taxonomy":"category","embeddable":true,"href":"https:\/\/www.europesays.com\/fr\/wp-json\/wp\/v2\/categories?post=354936"},{"taxonomy":"post_tag","embeddable":true,"href":"https:\/\/www.europesays.com\/fr\/wp-json\/wp\/v2\/tags?post=354936"}],"curies":[{"name":"wp","href":"https:\/\/api.w.org\/{rel}","templated":true}]}}