{"id":354938,"date":"2025-08-30T18:18:21","date_gmt":"2025-08-30T18:18:21","guid":{"rendered":"https:\/\/www.europesays.com\/fr\/354938\/"},"modified":"2025-08-30T18:18:21","modified_gmt":"2025-08-30T18:18:21","slug":"le-meurtre-de-lex-president-du-parlement-ukrainien-a-ete-minutieusement-planifie-selon-volodymyr-zelensky","status":"publish","type":"post","link":"https:\/\/www.europesays.com\/fr\/354938\/","title":{"rendered":"le meurtre de l\u2019ex-pr\u00e9sident du Parlement ukrainien a \u00e9t\u00e9 \u00ab\u00a0minutieusement planifi\u00e9\u00a0\u00bb, selon Volodymyr Zelensky"},"content":{"rendered":"<p>   Un d\u00e9put\u00e9 ukrainien tu\u00e9 par balle \u00e0 Lviv               <img decoding=\"async\" class=\"post__live-container--img post__space-node\"  src=\"https:\/\/www.europesays.com\/fr\/wp-content\/uploads\/2025\/08\/1756577901_430_e01d03e_ftp-import-images-1-zaa3jhm432hi-5750012-01-06.jpg\" data- alt=\"Andri Paroubi, apr\u00e8s son \u00e9lection \u00e0 la pr\u00e9sidence du Parlement, le 14\u00a0avril\u00a02016, \u00e0 Kiev.\"\/>   Andri Paroubi, apr\u00e8s son \u00e9lection \u00e0 la pr\u00e9sidence du Parlement, le 14\u00a0avril\u00a02016, \u00e0 Kiev. GENYA SAVILOV \/ AFP               <\/p>\n<p class=\"post__live-container--answer-text post__space-node\">Le d\u00e9put\u00e9 ukrainien Andri Paroubi, ancien pr\u00e9sident du Parlement, a \u00e9t\u00e9 tu\u00e9 par balle, samedi, \u00e0 Lviv, dans l\u2019ouest du pays, ont annonc\u00e9 les autorit\u00e9s. La police ukrainienne a <a href=\"https:\/\/t.me\/UA_National_Police\/47808\" target=\"_blank\" rel=\"noopener nofollow\" title=\"Nouvelle fen\u00eatre\">fait savoir<\/a> qu\u2019une fusillade avait eu lieu \u00e0 Lviv et qu\u2019une \u00ab\u00a0personnalit\u00e9 publique et politique bien connue\u00a0\u00bb avait \u00e9t\u00e9 tu\u00e9e.<\/p>\n<p class=\"post__live-container--answer-text post__space-node\">Le pr\u00e9sident ukrainien, Volodymyr Zelensky, a ensuite pr\u00e9cis\u00e9 qu\u2019il s\u2019agissait d\u2019Andri Paroubi, pr\u00e9sident du Parlement ukrainien de 2016 \u00e0 2019. Le chef de l\u2019Etat a d\u00e9plor\u00e9 un \u00ab\u00a0meurtre horrible\u00a0\u00bb et a promis une enqu\u00eate pour en \u00e9tablir les circonstances. Le tireur est recherch\u00e9 par la police, ont fait savoir les autorit\u00e9s.<\/p>\n<p class=\"post__live-container--answer-text post__space-node\">\u00ab\u00a0Une enqu\u00eate pr\u00e9liminaire a \u00e9t\u00e9 ouverte pour le meurtre intentionnel d\u2019Andri Paroubi\u00a0\u00bb, a annonc\u00e9 par la suite le procureur g\u00e9n\u00e9ral, ajoutant que le tireur \u00e9tait recherch\u00e9. Les circonstances et le mobile du crime restent, pour l\u2019heure, inconnus.<\/p>\n<p class=\"post__live-container--answer-text post__space-node\">M.\u00a0Paroubi, qui \u00e9tait \u00e2g\u00e9 de 54\u00a0ans, a pris part aux r\u00e9cents grands mouvements proeurop\u00e9ens en Ukraine, d\u2019abord la \u00ab\u00a0r\u00e9volution orange\u00a0\u00bb (2004-2005), puis celle de Ma\u00efdan (2014). Il a \u00e9t\u00e9 \u00ab\u00a0commandant\u00a0\u00bb des groupes d\u2019autod\u00e9fense lors des manifestations de Ma\u00efdan, r\u00e9prim\u00e9es dans le sang, qui ont fini par pousser le pr\u00e9sident prorusse Viktor Ianoukovitch \u00e0 quitter le pouvoir pour fuir vers la Russie en\u00a02014. La m\u00eame ann\u00e9e, apr\u00e8s le d\u00e9part de l\u2019ex-pr\u00e9sident, Andri Paroubi a occup\u00e9 quelques mois le poste de secr\u00e9taire du Conseil de d\u00e9fense et de s\u00e9curit\u00e9 nationale d\u2019Ukraine.<\/p>\n<p class=\"post__live-container--answer-text post__space-node\">La premi\u00e8re ministre, Ioulia Svyrydenko a salu\u00e9 samedi la m\u00e9moire d\u2019\u00ab\u00a0un patriote\u00a0\u00bb qui a \u00ab\u00a0apport\u00e9 une grande contribution \u00e0 la formation de notre Etat\u00a0\u00bb.<\/p>\n<p class=\"post__live-container--answer-text post__space-node\">L\u2019ancien pr\u00e9sident Petro Porochenko a implicitement imput\u00e9 le crime \u00e0 la Russie, rappelant le r\u00f4le jou\u00e9 par Andri Paroubi dans la reconstitution de l\u2019arm\u00e9e ukrainienne. \u00ab\u00a0C\u2019est pour cela qu\u2019ils se vengent, c\u2019est de cela qu\u2019ils ont peur\u00a0\u00bb, \u00e9crit-il sur l\u2019application de messagerie Telegram.<\/p>\n","protected":false},"excerpt":{"rendered":"Un d\u00e9put\u00e9 ukrainien tu\u00e9 par balle \u00e0 Lviv Andri Paroubi, apr\u00e8s son \u00e9lection \u00e0 la pr\u00e9sidence du Parlement,&hellip;\n","protected":false},"author":2,"featured_media":354626,"comment_status":"","ping_status":"","sticky":false,"template":"","format":"standard","meta":{"footnotes":""},"categories":[1591],"tags":[11,1887,12,1885,1886,132],"class_list":{"0":"post-354938","1":"post","2":"type-post","3":"status-publish","4":"format-standard","5":"has-post-thumbnail","7":"category-russie","8":"tag-actualites","9":"tag-federation-de-russie","10":"tag-news","11":"tag-russia","12":"tag-russian-federation","13":"tag-russie"},"share_on_mastodon":{"url":"https:\/\/pubeurope.com\/@fr\/115119096389624294","error":""},"_links":{"self":[{"href":"https:\/\/www.europesays.com\/fr\/wp-json\/wp\/v2\/posts\/354938","targetHints":{"allow":["GET"]}}],"collection":[{"href":"https:\/\/www.europesays.com\/fr\/wp-json\/wp\/v2\/posts"}],"about":[{"href":"https:\/\/www.europesays.com\/fr\/wp-json\/wp\/v2\/types\/post"}],"author":[{"embeddable":true,"href":"https:\/\/www.europesays.com\/fr\/wp-json\/wp\/v2\/users\/2"}],"replies":[{"embeddable":true,"href":"https:\/\/www.europesays.com\/fr\/wp-json\/wp\/v2\/comments?post=354938"}],"version-history":[{"count":0,"href":"https:\/\/www.europesays.com\/fr\/wp-json\/wp\/v2\/posts\/354938\/revisions"}],"wp:featuredmedia":[{"embeddable":true,"href":"https:\/\/www.europesays.com\/fr\/wp-json\/wp\/v2\/media\/354626"}],"wp:attachment":[{"href":"https:\/\/www.europesays.com\/fr\/wp-json\/wp\/v2\/media?parent=354938"}],"wp:term":[{"taxonomy":"category","embeddable":true,"href":"https:\/\/www.europesays.com\/fr\/wp-json\/wp\/v2\/categories?post=354938"},{"taxonomy":"post_tag","embeddable":true,"href":"https:\/\/www.europesays.com\/fr\/wp-json\/wp\/v2\/tags?post=354938"}],"curies":[{"name":"wp","href":"https:\/\/api.w.org\/{rel}","templated":true}]}}