{"id":354958,"date":"2025-08-30T18:41:11","date_gmt":"2025-08-30T18:41:11","guid":{"rendered":"https:\/\/www.europesays.com\/fr\/354958\/"},"modified":"2025-08-30T18:41:11","modified_gmt":"2025-08-30T18:41:11","slug":"jaume-munar-zizou-bergs-grand-chelem-us-open-troisieme-tour-samedi-30-aout-2025-lequipe","status":"publish","type":"post","link":"https:\/\/www.europesays.com\/fr\/354958\/","title":{"rendered":"Jaume Munar &#8211; Zizou Bergs, Grand Chelem, US Open, Troisi\u00e8me tour, Samedi 30 ao\u00fbt 2025 &#8211; L&#039;\u00c9quipe"},"content":{"rendered":"<ol>\n<li><a href=\"https:\/\/news.google.com\/rss\/articles\/CBMivwFBVV95cUxQX1dhWkppV2F6ZDk2cjhIQ1l4OHA0QzdyRUpDNWwzNW51YnFGa2RYLXBnMldfTnhMM2tpdjdPc1hEdU10YzZDVjdkRXdoXzdfMkdrWENoVUl3U3JzLWVmR25razNuWFBGMkh2SFBsc0JmWko0X1hvZ0RSalVsMkVNRGxyYko5dUJ2R2FDSHg3OFRyMU9lcDhVby1nSGxLT1VaNF9mbkxlVDVONURFSUVTUkZPaHY5ckgwRDNWcldvSQ?oc=5\" target=\"_blank\" rel=\"nofollow noopener\">Jaume Munar &#8211; Zizou Bergs, Grand Chelem, US Open, Troisi\u00e8me tour, Samedi 30 ao\u00fbt 2025<\/a>&nbsp;&nbsp;L&rsquo;\u00c9quipe<\/li>\n<li><a href=\"https:\/\/news.google.com\/rss\/articles\/CBMiyAFBVV95cUxObm9NRGFrekZrc1hhNGpNUUp4NGctalMxT2QwYUNhT0xkSnF6OVp2cjVBM1BxUHFqYzlEa0d6ZXBKcXZwZGVCeTJDdGZ6cEViUDFRdHdLQkNYVWtKYWx0Z3I3aFZZODNraVZEdW9sT0hsZ2RYVzh0NlVEWFozS0hRT2hpZFNyWDNJd1hTbmNQNDNBanZLQkNTQmhmUkRIc0JWZHFTbjM2Szd2eWxETWoyc0dXaHEyV0t0bHdJTjhUUk1RVkNKSmd5TQ?oc=5\" target=\"_blank\" rel=\"nofollow noopener\">R\u00e9sultat : Lorenzo Musetti &#8211; Flavio Cobolli, Grand Chelem, US Open, Troisi\u00e8me tour, Samedi 30 ao\u00fbt 2025<\/a>&nbsp;&nbsp;L&rsquo;\u00c9quipe<\/li>\n<li><a href=\"https:\/\/news.google.com\/rss\/articles\/CBMigAJBVV95cUxNdG9uQlN4TWhDWXZMOVFXTTRKV3ZpcVBDQUtvZHVWVzNhdnJlUWVLeXowTVA4dmh1cHI2VjBjSXVTcWNjVkJYaEdORDNkSGJDYmFVYXRFMTRqNFM4YkZjRXU4MDVpMG10czY1dVl1bDRWNGVCbzh5MHFvSWlmYVNCcnRKZW82dVlBOWpOaTNxNS15SUVHQWg1LWNUR053U19oSURVbVpWZGRNdXlwR0N0WnZobkJibUJJd1oyeVFEUmtxakRVMmw0TkxHRm1QR096bkxTTkR5VUp0cEJJMnpXbmhkTUZkSENoc2JiUjBieENtdC1UM0lEd0RiSUZtNkZN?oc=5\" target=\"_blank\" rel=\"nofollow noopener\">Un nouvel abandon, Musetti en profite<\/a>&nbsp;&nbsp;Eurosport<\/li>\n<li><a href=\"https:\/\/news.google.com\/rss\/articles\/CBMiigJBVV95cUxQR3RsazNBalFWUmZzWGJWam1hRUw2TlZ5a204R25XSTBwZEpYYkZHRjdDMUJGaWNFdkJBZDVMVUdBZDN0UEhPSzlHMU5LdTBXSUpLY0ZGM0RfRnRhRklfcWhmdDlkSVA1eG1VS2M4Z09aZVc4SkRzSk9hV2lHZVJiajdCeGFBbjBuR1hqbWRocS03N1FVaWpHRTByMlpXZkNPcUFMX2hCVHl2dU5FSV9HM2ZuMlI2V2JkbzdfRkZfT2lxV09DTXR4OTBic1hJSGNSTi0yMF92RzRzaVNyTmVydXhVMjU1c0x0TmlySVBqUzJ4TkgzV3QxazlaZ2xlTUFycmI5STd2cEFoZw?oc=5\" target=\"_blank\" rel=\"nofollow noopener\">\u00ab Pendant mon temps libre, je vais au Roma Club \u00bb : supporter de l&rsquo;AS Rome, Flavio Cobolli ne l\u00e2che pas son club pendant l&rsquo;US Open<\/a>&nbsp;&nbsp;MSN<\/li>\n<li><a href=\"https:\/\/news.google.com\/rss\/articles\/CBMikgFBVV95cUxNMm4xY2VTVHhaY00ySzllaWNVekZWQjVyMmtwaVZ5aDZrck93TVc3bjAwR1BwVnFlNEJDckx5S1pqUDZRZmVtMjhuUE9ub0EtYi1jbmx1VGhJRmpFVDI0ZWozd0U3eWZEZnZTUTh2bk5BM0l1TVRvb1pYLTVJWUxleTZQaWxZd2dZaE9wa0xrcDhadw?oc=5\" target=\"_blank\" rel=\"nofollow noopener\">Flavio Cobolli : Un Futur Prometteur sur le Circuit de Tennis<\/a>&nbsp;&nbsp;Info Petite Nation<\/li>\n<\/ol>\n","protected":false},"excerpt":{"rendered":"Jaume Munar &#8211; Zizou Bergs, Grand Chelem, US Open, Troisi\u00e8me tour, Samedi 30 ao\u00fbt 2025&nbsp;&nbsp;L&rsquo;\u00c9quipe R\u00e9sultat : Lorenzo&hellip;\n","protected":false},"author":2,"featured_media":353146,"comment_status":"","ping_status":"","sticky":false,"template":"","format":"standard","meta":{"footnotes":""},"categories":[1415],"tags":[1011,27,60,1467],"class_list":{"0":"post-354958","1":"post","2":"type-post","3":"status-publish","4":"format-standard","5":"has-post-thumbnail","7":"category-tennis","8":"tag-fr","9":"tag-france","10":"tag-sports","11":"tag-tennis"},"share_on_mastodon":{"url":"https:\/\/pubeurope.com\/@fr\/115119186391640869","error":""},"_links":{"self":[{"href":"https:\/\/www.europesays.com\/fr\/wp-json\/wp\/v2\/posts\/354958","targetHints":{"allow":["GET"]}}],"collection":[{"href":"https:\/\/www.europesays.com\/fr\/wp-json\/wp\/v2\/posts"}],"about":[{"href":"https:\/\/www.europesays.com\/fr\/wp-json\/wp\/v2\/types\/post"}],"author":[{"embeddable":true,"href":"https:\/\/www.europesays.com\/fr\/wp-json\/wp\/v2\/users\/2"}],"replies":[{"embeddable":true,"href":"https:\/\/www.europesays.com\/fr\/wp-json\/wp\/v2\/comments?post=354958"}],"version-history":[{"count":0,"href":"https:\/\/www.europesays.com\/fr\/wp-json\/wp\/v2\/posts\/354958\/revisions"}],"wp:featuredmedia":[{"embeddable":true,"href":"https:\/\/www.europesays.com\/fr\/wp-json\/wp\/v2\/media\/353146"}],"wp:attachment":[{"href":"https:\/\/www.europesays.com\/fr\/wp-json\/wp\/v2\/media?parent=354958"}],"wp:term":[{"taxonomy":"category","embeddable":true,"href":"https:\/\/www.europesays.com\/fr\/wp-json\/wp\/v2\/categories?post=354958"},{"taxonomy":"post_tag","embeddable":true,"href":"https:\/\/www.europesays.com\/fr\/wp-json\/wp\/v2\/tags?post=354958"}],"curies":[{"name":"wp","href":"https:\/\/api.w.org\/{rel}","templated":true}]}}