{"id":354962,"date":"2025-08-30T18:45:15","date_gmt":"2025-08-30T18:45:15","guid":{"rendered":"https:\/\/www.europesays.com\/fr\/354962\/"},"modified":"2025-08-30T18:45:15","modified_gmt":"2025-08-30T18:45:15","slug":"bryan-coquard-cofidis-frustre-puis-declasse-a-saragosse","status":"publish","type":"post","link":"https:\/\/www.europesays.com\/fr\/354962\/","title":{"rendered":"Bryan Coquard (Cofidis) frustr\u00e9 puis d\u00e9class\u00e9 \u00e0 Saragosse"},"content":{"rendered":"<p>Pourquoi Coquard et Viviani ont \u00e9t\u00e9 d\u00e9class\u00e9s<\/p>\n<p>Une heure apr\u00e8s l&rsquo;arriv\u00e9e, le jury des commissaires a fait le m\u00e9nage dans le top 10 de la 8e \u00e9tape de la Vuelta. Elia Viviani (Lotto), initialement 2e, a \u00e9t\u00e9 d\u00e9class\u00e9, coupable d&rsquo;un mouvement sur sa gauche qui a ferm\u00e9 la porte \u00e0 beaucoup de coureurs. M\u00eame sanction contre Bryan Coquard, qui a un peu suivi le sprinteur italien. Thibaut Gruel (Groupama-FDJ) termine donc meilleur Fran\u00e7ais du jour, \u00e0 la 6e place.<\/p>\n","protected":false},"excerpt":{"rendered":"Pourquoi Coquard et Viviani ont \u00e9t\u00e9 d\u00e9class\u00e9s Une heure apr\u00e8s l&rsquo;arriv\u00e9e, le jury des commissaires a fait le&hellip;\n","protected":false},"author":2,"featured_media":354963,"comment_status":"","ping_status":"","sticky":false,"template":"","format":"standard","meta":{"footnotes":""},"categories":[1411],"tags":[1154,207,1011,27,60],"class_list":{"0":"post-354962","1":"post","2":"type-post","3":"status-publish","4":"format-standard","5":"has-post-thumbnail","7":"category-cyclisme","8":"tag-cycling","9":"tag-cyclisme","10":"tag-fr","11":"tag-france","12":"tag-sports"},"share_on_mastodon":{"url":"https:\/\/pubeurope.com\/@fr\/115119202568012531","error":""},"_links":{"self":[{"href":"https:\/\/www.europesays.com\/fr\/wp-json\/wp\/v2\/posts\/354962","targetHints":{"allow":["GET"]}}],"collection":[{"href":"https:\/\/www.europesays.com\/fr\/wp-json\/wp\/v2\/posts"}],"about":[{"href":"https:\/\/www.europesays.com\/fr\/wp-json\/wp\/v2\/types\/post"}],"author":[{"embeddable":true,"href":"https:\/\/www.europesays.com\/fr\/wp-json\/wp\/v2\/users\/2"}],"replies":[{"embeddable":true,"href":"https:\/\/www.europesays.com\/fr\/wp-json\/wp\/v2\/comments?post=354962"}],"version-history":[{"count":0,"href":"https:\/\/www.europesays.com\/fr\/wp-json\/wp\/v2\/posts\/354962\/revisions"}],"wp:featuredmedia":[{"embeddable":true,"href":"https:\/\/www.europesays.com\/fr\/wp-json\/wp\/v2\/media\/354963"}],"wp:attachment":[{"href":"https:\/\/www.europesays.com\/fr\/wp-json\/wp\/v2\/media?parent=354962"}],"wp:term":[{"taxonomy":"category","embeddable":true,"href":"https:\/\/www.europesays.com\/fr\/wp-json\/wp\/v2\/categories?post=354962"},{"taxonomy":"post_tag","embeddable":true,"href":"https:\/\/www.europesays.com\/fr\/wp-json\/wp\/v2\/tags?post=354962"}],"curies":[{"name":"wp","href":"https:\/\/api.w.org\/{rel}","templated":true}]}}