{"id":354964,"date":"2025-08-30T18:46:20","date_gmt":"2025-08-30T18:46:20","guid":{"rendered":"https:\/\/www.europesays.com\/fr\/354964\/"},"modified":"2025-08-30T18:46:20","modified_gmt":"2025-08-30T18:46:20","slug":"letang-envoie-un-sacre-message-a-lom-pour-zhegrova","status":"publish","type":"post","link":"https:\/\/www.europesays.com\/fr\/354964\/","title":{"rendered":"Letang envoie un sacr\u00e9 message \u00e0 l&rsquo;OM pour Zhegrova !"},"content":{"rendered":"<p><strong>L\u2019avenir d\u2019Edon Zhegrova s\u2019\u00e9crit-il encore dans le Nord ou du c\u00f4t\u00e9 de la Canebi\u00e8re ? Alors que l\u2019Olympique de Marseille multiplie les pistes offensives en cette fin de mercato, la rumeur d\u2019un int\u00e9r\u00eat concret pour l\u2019ailier kosovar du LOSC a pris de l\u2019ampleur ces derniers jours. Mais le pr\u00e9sident lillois, Olivier L\u00e9tang, a tenu \u00e0 clarifier la situation au micro de BeIN Sports.<\/strong><\/p>\n<p>Face aux journalistes, L\u00e9tang n\u2019a pas cach\u00e9 sa surprise : \u00ab Je pense qu\u2019il n\u2019ira pas \u00e0 l\u2019Olympique Marseille, pour un certain nombre de raisons. Il est arriv\u00e9 \u00e0 l\u2019entra\u00eenement hier, alors qu\u2019il devait jouer. Il nous a dit : \u201cje suis tomb\u00e9 d\u2019accord avec l\u2019OM apr\u00e8s avoir discut\u00e9 avec eux, j\u2019ai eu l\u2019entra\u00eeneur, il me veut\u201d. Cela aurait \u00e9t\u00e9 bien de se parler entre clubs avant, mais aujourd\u2019hui, c\u2019est derri\u00e8re nous. \u00bb<\/p>\n<p>A lire :\u00a0<a href=\"https:\/\/www.footballclubdemarseille.fr\/om-actualites\/mercato-om-gregory-schneider-charge-de-zerbi-dans-laffaire-rabiot.html\" target=\"_blank\" rel=\"noopener nofollow\">Mercato OM : Gr\u00e9gory Schneider charge De Zerbi dans l\u2019affaire Rabiot !<\/a><\/p>\n<p>Letang \u00ab Je pense qure Zhegrova n\u2019ira pas \u00e0 l\u2019OM \u00bb<\/p>\n<p>\u00a0<\/p>\n<\/p>\n<p>\u00a0<\/p>\n<p>Cette d\u00e9claration met en lumi\u00e8re un \u00e9pisode tendu entre le joueur et son club. Selon le dirigeant nordiste, l\u2019OM et <strong>Roberto De Zerbi<\/strong> auraient bien \u00e9chang\u00e9 directement avec Zhegrova, sans que le LOSC n\u2019ait \u00e9t\u00e9 officiellement sollicit\u00e9. Un proc\u00e9d\u00e9 qui agace le pr\u00e9sident lillois, m\u00eame s\u2019il laisse une ouverture : \u00ab S\u2019il sera lillois ? On veut le garder, mais je lui ai dit qu\u2019il avait une porte de sortie en cas de bonne offre. Si tout le monde s\u2019y retrouve, je n\u2019ai pas l\u2019intention de le bloquer. \u00bb<\/p>\n<p>\u00a0<\/p>\n<blockquote class=\"twitter-tweet-lazy\">\n<p dir=\"ltr\" lang=\"qme\">\ud83d\udc40 <a href=\"https:\/\/t.co\/r60KU7bwXW\" rel=\"nofollow\">pic.twitter.com\/r60KU7bwXW<\/a><\/p>\n<p>\u2014 Football Club de Marseille (@FCMarseille) <a href=\"https:\/\/twitter.com\/FCMarseille\/status\/1961845879503016192?ref_src=twsrc%5Etfw\" rel=\"nofollow noopener\" target=\"_blank\">August 30, 2025<\/a><\/p>\n<\/blockquote>\n<p>\u00a0<\/p>\n<p>L\u2019OM toujours \u00e0 la recherche d\u2019un renfort offensif<\/p>\n<p>\u00a0<\/p>\n<p>Du c\u00f4t\u00e9 marseillais, cette sortie publique complique forc\u00e9ment le dossier. Les dirigeants olympiens, en qu\u00eate d\u2019un ailier suppl\u00e9mentaire pour \u00e9pauler <strong>Mason Greenwood<\/strong> et dynamiser l\u2019attaque, devront composer avec la fermet\u00e9 lilloise. Le LOSC, engag\u00e9 en Ligue 1 et sur la sc\u00e8ne europ\u00e9enne, n\u2019a en effet aucune intention de brader l\u2019un de ses meilleurs \u00e9l\u00e9ments.<\/p>\n<p>            <script async src=\"https:\/\/platform.twitter.com\/widgets.js\" charset=\"utf-8\"><\/script><\/p>\n","protected":false},"excerpt":{"rendered":"L\u2019avenir d\u2019Edon Zhegrova s\u2019\u00e9crit-il encore dans le Nord ou du c\u00f4t\u00e9 de la Canebi\u00e8re ? Alors que l\u2019Olympique&hellip;\n","protected":false},"author":2,"featured_media":2182,"comment_status":"","ping_status":"","sticky":false,"template":"","format":"standard","meta":{"footnotes":""},"categories":[1410],"tags":[63,1011,27,60],"class_list":{"0":"post-354964","1":"post","2":"type-post","3":"status-publish","4":"format-standard","5":"has-post-thumbnail","7":"category-football","8":"tag-football","9":"tag-fr","10":"tag-france","11":"tag-sports"},"share_on_mastodon":{"url":"https:\/\/pubeurope.com\/@fr\/115119206174602489","error":""},"_links":{"self":[{"href":"https:\/\/www.europesays.com\/fr\/wp-json\/wp\/v2\/posts\/354964","targetHints":{"allow":["GET"]}}],"collection":[{"href":"https:\/\/www.europesays.com\/fr\/wp-json\/wp\/v2\/posts"}],"about":[{"href":"https:\/\/www.europesays.com\/fr\/wp-json\/wp\/v2\/types\/post"}],"author":[{"embeddable":true,"href":"https:\/\/www.europesays.com\/fr\/wp-json\/wp\/v2\/users\/2"}],"replies":[{"embeddable":true,"href":"https:\/\/www.europesays.com\/fr\/wp-json\/wp\/v2\/comments?post=354964"}],"version-history":[{"count":0,"href":"https:\/\/www.europesays.com\/fr\/wp-json\/wp\/v2\/posts\/354964\/revisions"}],"wp:featuredmedia":[{"embeddable":true,"href":"https:\/\/www.europesays.com\/fr\/wp-json\/wp\/v2\/media\/2182"}],"wp:attachment":[{"href":"https:\/\/www.europesays.com\/fr\/wp-json\/wp\/v2\/media?parent=354964"}],"wp:term":[{"taxonomy":"category","embeddable":true,"href":"https:\/\/www.europesays.com\/fr\/wp-json\/wp\/v2\/categories?post=354964"},{"taxonomy":"post_tag","embeddable":true,"href":"https:\/\/www.europesays.com\/fr\/wp-json\/wp\/v2\/tags?post=354964"}],"curies":[{"name":"wp","href":"https:\/\/api.w.org\/{rel}","templated":true}]}}