{"id":354966,"date":"2025-08-30T18:48:15","date_gmt":"2025-08-30T18:48:15","guid":{"rendered":"https:\/\/www.europesays.com\/fr\/354966\/"},"modified":"2025-08-30T18:48:15","modified_gmt":"2025-08-30T18:48:15","slug":"inspire-par-sa-femme-decede-bernard-95-ans-sest-mis-a-peindre","status":"publish","type":"post","link":"https:\/\/www.europesays.com\/fr\/354966\/","title":{"rendered":"inspir\u00e9 par sa femme d\u00e9c\u00e9d\u00e9, Bernard, 95 ans, s&rsquo;est mis \u00e0 peindre"},"content":{"rendered":"<p>            Par<br \/>\n        <strong><br \/>\n            <a href=\"https:\/\/actu.fr\/auteur\/redaction-jv\" title=\"Consulter tous les articles de R\u00e9daction Vitr\u00e9\" target=\"_blank\" rel=\"noopener\">R\u00e9daction Vitr\u00e9<\/a><br \/>\n        <\/strong><\/p>\n<p>        Publi\u00e9 le<\/p>\n<p>            30 ao\u00fbt 2025 \u00e0 17h40        <\/p>\n<p><b>Bernard Vivier<\/b>, 95\u00a0ans, vit \u00e0 <b>Ch\u00e2teaugiron (Ille-et-Vilaine) <\/b>depuis 2005. Ancien m\u00e9canicien automobile, il a jou\u00e9 de l\u2019accord\u00e9on et joue occasionnellement de l\u2019harmonica. Bernard Vivier a une fille, Val\u00e9rie, et deux petits enfants, Basile et Oscar.<\/p>\n<p class=\" wall-content\">\u00ab Ma fille est n\u00e9e \u00e0 Rennes. Elle a \u00e9t\u00e9 mut\u00e9e. Nous l\u2019avons suivie. Je me suis mis \u00e0 la peinture apr\u00e8s le d\u00e9c\u00e8s de ma femme il y a deux ans. Je n\u2019ai jamais pris de cours. J\u2019ai toujours aim\u00e9 le dessin. Cela me vide la t\u00eate. J\u2019ai l\u2019impression d\u2019\u00eatre sur place \u00bb, expose-t-il.<\/p>\n<p>120 peintures<\/p>\n<p class=\" wall-content\">Son appartement est couvert de ses peintures et il a un petit succ\u00e8s d\u2019estime parmi ses voisins et les visiteurs de la Glaume, qui demandent parfois \u00e0 le visiter l\u2019appartement.<\/p>\n<p class=\" wall-content\">Ses \u0153uvres ornent les salles d\u2019attente et bureaux de tous les professionnels de son entourage (cabinet d\u2019infirmiers, cabinet m\u00e9dical, ADMR, pharmacies, laboratoire\u2026) \u00e0 qui il a donn\u00e9 des tableaux.<\/p>\n<p class=\" wall-content\">En deux ans, il a r\u00e9alis\u00e9 <b>plus de 120 peintures<\/b> chez lui, repr\u00e9sentant la Bretagne, la Manche, les ch\u00e2teaux, le littoral, les phares, la mer, les bateaux, les \u00eeles\u2026<\/p>\n<p>En m\u00e9moire de Suzanne<\/p>\n<p class=\" wall-content\">Tr\u00e8s dou\u00e9, il fait preuve d\u2019une ma\u00eetrise artistique exceptionnelle.<\/p>\n<p>Votre r\u00e9gion, votre actu !<\/p>\n<p>Recevez chaque jour les infos qui comptent pour vous.<\/p>\n<p>\t<a href=\"https:\/\/actu.fr\/newsletter\" class=\"ac-btn ac-btn--corner ac-btn--medium ac-btn--blue800\" target=\"_blank\" rel=\"noopener\">S&rsquo;incrire<\/a><\/p>\n<p class=\" wall-content\">\u00ab Je suis amoureux de la Bretagne, j\u2019ai tout de suite aim\u00e9 la nature et la verdure. Je fais de la peinture acrylique, color\u00e9e. J\u2019utilise le bleu, le jaune, le noir, le blanc et le rouge. Je m\u2019inspire de mod\u00e8les sur un catalogue. J\u2019adore la mer, les villes anciennes, Dinard, Cancale, Rennes. L\u2019artiste que j\u2019aime particuli\u00e8rement est L\u00e9onard de Vinci \u00bb, explique Bernard Vivier.<\/p>\n<p class=\" wall-content\">Il se souvient : \u00ab Le premier tableau que j\u2019ai r\u00e9alis\u00e9, d\u00e9but 2023, la rue de la Madeleine, \u00e9tait pour ma femme Suzanne, qui avait des difficult\u00e9s \u00e0 marcher. Monter cette rue \u00e9tait compliqu\u00e9 pour elle. Je lui ai d\u00e9di\u00e9 cette peinture. J\u2019ai ensuite <b>peint le Mont Saint-Michel<\/b> car elle est n\u00e9e \u00e0 c\u00f4t\u00e9 \u00bb.<\/p>\n<p class=\" wall-content\">Il faut environ une journ\u00e9e \u00e0 Bernard Vivier pour <b>peindre un ch\u00e2teau<\/b>. Il a un v\u00e9ritable don. Plus il en fait, plus il en donne. \u00ab Il faut savoir faire les ombres, ne pas oublier la verdure et les fleurs. Peindre est une v\u00e9ritable passion \u00bb, insiste-t-il encore.<\/p>\n<p>    <img   decoding=\"async\" loading=\"lazy\" class=\"size-large\" src=\"https:\/\/www.europesays.com\/fr\/wp-content\/uploads\/2025\/08\/b5db012f78886b9db012f78889ddb0v-960x640.jpg\" alt=\"Le ch\u00e2teau de Vitr\u00e9\u00a0\" width=\"960\" height=\"640\"\/><br \/>\n    Le ch\u00e2teau de Vitr\u00e9, peint par Bernard Vivier. \u00a9Le Journal de Vitr\u00e9\u00ab Je suis tr\u00e8s fi\u00e8re de mon papa \u00bb<\/p>\n<p class=\" wall-content\">Bernard Vivier a r\u00e9alis\u00e9 plusieurs tableaux de la commune, dont le ch\u00e2teau, la rue de la Madeleine, Ch\u00e2teaugiron et son petit train en 1929.<\/p>\n<p class=\" wall-content\">Il ne reste plus qu\u2019\u00e0 trouver une exposition pour faire d\u00e9couvrir aux habitants le talent de ce peintre de 95\u00a0ans, qui n\u2019a encore jamais eu la chance d\u2019exposer, justement.<\/p>\n<blockquote class=\"ac-article-quote wall-content\">\n<p>Mon papa s\u2019est mis \u00e0 peindre au d\u00e9c\u00e8s de ma maman fin 2022. Je suis fi\u00e8re de lui, de sa capacit\u00e9 \u00e0 avancer apr\u00e8s un tel traumatisme. Cette activit\u00e9 lui permet de rencontrer des gens, de parler de ce qu\u2019il fait, de ce qu\u2019il aime. Son grand plaisir, c\u2019est d\u2019offrir ses tableaux aux gens qu\u2019il aime mais aussi \u00e0 toutes les personnes qu\u2019il rencontre avec bienveillance. C\u2019est sa fa\u00e7on \u00e0 lui de remercier toutes les personnes qui l\u2019entourent.<\/p>\n<p>Sa fille Val\u00e9rie<\/p><\/blockquote>\n<p class=\" wall-content\">\u00ab Mon papa est un monsieur exceptionnel qui, en dehors de ses tableaux, poss\u00e8de une belle culture g\u00e9n\u00e9rale. Il vivait en Normandie au moment de la Seconde guerre mondiale. C\u2019est un livre ouvert, ses r\u00e9cits sont truff\u00e9s d\u2019anecdotes et de souvenirs tr\u00e8s pr\u00e9cis. Je suis tr\u00e8s fi\u00e8re de lui \u00bb, conclut Val\u00e9rie Vivier.<\/p>\n<p class=\" wall-content\">Personnalisez votre actualit\u00e9 en ajoutant vos villes et m\u00e9dias en favori avec <a href=\"https:\/\/moncompte.actu.fr\" title=\"D\u00e9couvez Mon Actu\" rel=\"nofollow noopener\" data-trk=\"{&quot;cta&quot;:{&quot;action&quot;:&quot;https:\\\/\\\/moncompte.actu.fr&quot;,&quot;category&quot;:&quot;mon compte&quot;,&quot;from&quot;:&quot;article footer&quot;,&quot;name&quot;:&quot;Mon actu&quot;,&quot;type&quot;:&quot;cta&quot;}}\" target=\"_blank\">Mon Actu<\/a>.<\/p>\n","protected":false},"excerpt":{"rendered":"Par R\u00e9daction Vitr\u00e9 Publi\u00e9 le 30 ao\u00fbt 2025 \u00e0 17h40 Bernard Vivier, 95\u00a0ans, vit \u00e0 Ch\u00e2teaugiron (Ille-et-Vilaine) depuis&hellip;\n","protected":false},"author":2,"featured_media":354967,"comment_status":"","ping_status":"","sticky":false,"template":"","format":"standard","meta":{"footnotes":""},"categories":[1358],"tags":[1348,1384,1385,1386,58,59,1011,27,9026,104],"class_list":{"0":"post-354966","1":"post","2":"type-post","3":"status-publish","4":"format-standard","5":"has-post-thumbnail","7":"category-arts-et-design","8":"tag-arts","9":"tag-arts-and-design","10":"tag-arts-et-design","11":"tag-design","12":"tag-divertissement","13":"tag-entertainment","14":"tag-fr","15":"tag-france","16":"tag-portrait","17":"tag-societe"},"share_on_mastodon":{"url":"https:\/\/pubeurope.com\/@fr\/115119214370638887","error":""},"_links":{"self":[{"href":"https:\/\/www.europesays.com\/fr\/wp-json\/wp\/v2\/posts\/354966","targetHints":{"allow":["GET"]}}],"collection":[{"href":"https:\/\/www.europesays.com\/fr\/wp-json\/wp\/v2\/posts"}],"about":[{"href":"https:\/\/www.europesays.com\/fr\/wp-json\/wp\/v2\/types\/post"}],"author":[{"embeddable":true,"href":"https:\/\/www.europesays.com\/fr\/wp-json\/wp\/v2\/users\/2"}],"replies":[{"embeddable":true,"href":"https:\/\/www.europesays.com\/fr\/wp-json\/wp\/v2\/comments?post=354966"}],"version-history":[{"count":0,"href":"https:\/\/www.europesays.com\/fr\/wp-json\/wp\/v2\/posts\/354966\/revisions"}],"wp:featuredmedia":[{"embeddable":true,"href":"https:\/\/www.europesays.com\/fr\/wp-json\/wp\/v2\/media\/354967"}],"wp:attachment":[{"href":"https:\/\/www.europesays.com\/fr\/wp-json\/wp\/v2\/media?parent=354966"}],"wp:term":[{"taxonomy":"category","embeddable":true,"href":"https:\/\/www.europesays.com\/fr\/wp-json\/wp\/v2\/categories?post=354966"},{"taxonomy":"post_tag","embeddable":true,"href":"https:\/\/www.europesays.com\/fr\/wp-json\/wp\/v2\/tags?post=354966"}],"curies":[{"name":"wp","href":"https:\/\/api.w.org\/{rel}","templated":true}]}}