{"id":354968,"date":"2025-08-30T18:49:10","date_gmt":"2025-08-30T18:49:10","guid":{"rendered":"https:\/\/www.europesays.com\/fr\/354968\/"},"modified":"2025-08-30T18:49:10","modified_gmt":"2025-08-30T18:49:10","slug":"monteregie-connaitre-sa-region-grace-a-un-ouvrage-jeunesse","status":"publish","type":"post","link":"https:\/\/www.europesays.com\/fr\/354968\/","title":{"rendered":"Mont\u00e9r\u00e9gie: conna\u00eetre sa r\u00e9gion gr\u00e2ce \u00e0 un ouvrage jeunesse"},"content":{"rendered":"<p>\u00c9milie Rivard s\u2019int\u00e9resse \u00e0 la Mont\u00e9r\u00e9gie dans l\u2019\u00e9dition <b>SAVOIR<\/b>, une collection de documentaires rassemblant faits historiques et scientifiques pour les plus jeunes aux \u00e9ditions Qu\u00e9bec Am\u00e9rique.\u00a0\u00a0<\/p>\n<p>La rentr\u00e9e scolaire est l\u2019occasion, pour la collection de documentaires SAVOIR, d\u2019int\u00e9resser la jeunesse \u00e0 la Mont\u00e9r\u00e9gie. C\u2019est d\u2019ailleurs le titre de son nouveau livre destin\u00e9 aux enfants \u00e0 partir de 9 ans.\u00a0<\/p>\n<p>\u00c9milie Rivard a publi\u00e9 plus de cent romans et albums pour les jeunes \u00e2g\u00e9s de 17 mois \u00e0 17 ans, ainsi que des textes pour le th\u00e9\u00e2tre, pour des magazines et pour la t\u00e9l\u00e9vision. Elle est notamment l\u2019autrice de 1re Avenue, laur\u00e9at du Prix jeunesse des libraires 2018, volet Qu\u00e9bec, 12 ans, et elle adore transmettre sa passion pour l\u2019\u00e9criture aux \u00e9l\u00e8ves des \u00e9coles du Qu\u00e9bec lors d\u2019animations scolaires.\u00a0<\/p>\n<p>Le garde-manger<\/p>\n<p>Dans son ouvrage intitul\u00e9 La Mont\u00e9r\u00e9gie, elle commence par pr\u00e9senter cette r\u00e9gion comme il se doit, soit \u00ab le garde-manger du Qu\u00e9bec \u00bb, mais pas que \u2026 C\u2019est ainsi que le fort de Chambly ou encore les pommiers de Rougemont figurent entre autres dans la richesse culturelle de cette r\u00e9gion, qui englobe 1,5 million d\u2019habitants et regorge d\u2019histoire.\u00a0<\/p>\n<p>Dans l\u2019\u0153uvre, la Mont\u00e9r\u00e9gie est scrut\u00e9e sous tous ses angles, historique, touristique, agricole aussi, \u00e9conomique, culturel, environnemental.\u00a0<\/p>\n<p>La Mont\u00e9r\u00e9gie, d\u2019\u00c9milie Rivard, aux \u00e9ditions Qu\u00e9bec Am\u00e9rique.\u00a0<\/p>\n<ul class=\"splide__list\">\n<li class=\"splide__slide\">\n<p>                                    <img width=\"900\" height=\"1024\" src=\"data:image\/svg+xml,%3Csvg%20xmlns=\" http:=\"\" class=\"object-cover h-full w-full medium-zoom-image\" alt=\"\" decoding=\"async\" loading=\"lazy\" data-lazy-src=\"https:\/\/www.europesays.com\/fr\/wp-content\/uploads\/2025\/08\/63b6a4fc67a8607b6a4fc67a89ab6av_-900x1024.jpg\"\/><\/p>\n<p>                                        \u00c9milie Rivard, autrice prolifique.\u00a0 (Photo : courtoisie) (Photo : courtoisie)<\/p>\n<\/li>\n<\/ul>\n<ul class=\"splide__list sm:justify-center \">\n<li class=\"splide__slide\">\n<p>                                <img width=\"768\" height=\"512\" src=\"data:image\/svg+xml,%3Csvg%20xmlns=\" http:=\"\" class=\"w-full h-full object-cover border-4 border-primary\/0 transition-colors\" alt=\"\" decoding=\"async\" loading=\"lazy\" data-lazy- data-lazy- data-lazy-src=\"https:\/\/www.europesays.com\/fr\/wp-content\/uploads\/2025\/08\/63b6a4fc67a8607b6a4fc67a89ab6av_-768x512.jpg\"\/><\/p>\n<\/li>\n<\/ul>\n","protected":false},"excerpt":{"rendered":"\u00c9milie Rivard s\u2019int\u00e9resse \u00e0 la Mont\u00e9r\u00e9gie dans l\u2019\u00e9dition SAVOIR, une collection de documentaires rassemblant faits historiques et scientifiques&hellip;\n","protected":false},"author":2,"featured_media":354969,"comment_status":"","ping_status":"","sticky":false,"template":"","format":"standard","meta":{"footnotes":""},"categories":[1357],"tags":[1379,58,59,1011,27,1380],"class_list":{"0":"post-354968","1":"post","2":"type-post","3":"status-publish","4":"format-standard","5":"has-post-thumbnail","7":"category-livres","8":"tag-books","9":"tag-divertissement","10":"tag-entertainment","11":"tag-fr","12":"tag-france","13":"tag-livres"},"share_on_mastodon":{"url":"https:\/\/pubeurope.com\/@fr\/115119217985639708","error":""},"_links":{"self":[{"href":"https:\/\/www.europesays.com\/fr\/wp-json\/wp\/v2\/posts\/354968","targetHints":{"allow":["GET"]}}],"collection":[{"href":"https:\/\/www.europesays.com\/fr\/wp-json\/wp\/v2\/posts"}],"about":[{"href":"https:\/\/www.europesays.com\/fr\/wp-json\/wp\/v2\/types\/post"}],"author":[{"embeddable":true,"href":"https:\/\/www.europesays.com\/fr\/wp-json\/wp\/v2\/users\/2"}],"replies":[{"embeddable":true,"href":"https:\/\/www.europesays.com\/fr\/wp-json\/wp\/v2\/comments?post=354968"}],"version-history":[{"count":0,"href":"https:\/\/www.europesays.com\/fr\/wp-json\/wp\/v2\/posts\/354968\/revisions"}],"wp:featuredmedia":[{"embeddable":true,"href":"https:\/\/www.europesays.com\/fr\/wp-json\/wp\/v2\/media\/354969"}],"wp:attachment":[{"href":"https:\/\/www.europesays.com\/fr\/wp-json\/wp\/v2\/media?parent=354968"}],"wp:term":[{"taxonomy":"category","embeddable":true,"href":"https:\/\/www.europesays.com\/fr\/wp-json\/wp\/v2\/categories?post=354968"},{"taxonomy":"post_tag","embeddable":true,"href":"https:\/\/www.europesays.com\/fr\/wp-json\/wp\/v2\/tags?post=354968"}],"curies":[{"name":"wp","href":"https:\/\/api.w.org\/{rel}","templated":true}]}}