{"id":354970,"date":"2025-08-30T18:50:16","date_gmt":"2025-08-30T18:50:16","guid":{"rendered":"https:\/\/www.europesays.com\/fr\/354970\/"},"modified":"2025-08-30T18:50:16","modified_gmt":"2025-08-30T18:50:16","slug":"les-frais-sont-lourds-un-candidat-emblematique-de-koh-lanta-a-perdu-la-vie-son-fils-lance-un-appel-a-laide","status":"publish","type":"post","link":"https:\/\/www.europesays.com\/fr\/354970\/","title":{"rendered":"\u201cLes frais sont lourds\u201d : Un candidat embl\u00e9matique de Koh-Lanta a perdu la vie, son fils lance un appel \u00e0 l\u2019aide"},"content":{"rendered":"<p>            <img loading=\"lazy\" decoding=\"async\" src=\"https:\/\/www.europesays.com\/fr\/wp-content\/uploads\/2025\/04\/145-6602e1ce8ddc4-35x35-1.jpg\" class=\"author-article-picture\" width=\"35\" height=\"35\"\/><\/p>\n<p>                Par<br \/>\n                                    <a class=\"author-article-bio-link\" href=\"https:\/\/www.purepeople.com\/auteur\/lucie-gosselin_a145\" rel=\"nofollow noopener\" target=\"_blank\">Lucie Gosselin<\/a><br \/>\n                                                    | R\u00e9dactrice<\/p>\n<p>\n                Journaliste passionn\u00e9e, depuis plus de 10 ans, je r\u00e9alise des enqu\u00eates, des portraits, des reportages ou des interviews.\n            <\/p>\n<p>\n    Dans la nuit du 27 au 28 ao\u00fbt 2025, un candidat phare de Koh-Lanta est mort \u00e0 l&rsquo;\u00e2ge de 79 ans. Apr\u00e8s avoir annonc\u00e9 son d\u00e9c\u00e8s, son fils lance d\u00e9sormais un appel \u00e0 l&rsquo;aide. Ses proches ont besoin d&rsquo;un coup de pouce pour les fun\u00e9railles de l&rsquo;aventurier, dont la m\u00e9moire a \u00e9t\u00e9 salu\u00e9e par Denis Brogniart.\n<\/p>\n<p>                            <img loading=\"lazy\" decoding=\"async\" class=\"player-thumbnail\" src=\"https:\/\/www.europesays.com\/fr\/wp-content\/uploads\/2025\/08\/7aa96a37d82c869f-580x326-2.jpg\" width=\"580\" height=\"326\"\/><\/p>\n<p>                    \u201cLes frais sont lourds\u201d : Un candidat embl\u00e9matique de Koh-Lanta a perdu la vie, son fils lance un appel \u00e0 l\u2019aide<\/p>\n<p>La suite apr\u00e8s la publicit\u00e9<\/p>\n<p>\u00c0 Koh-Lanta, il y a <a href=\"https:\/\/www.purepeople.com\/article\/a-52-ans-virage-a-180-degres-pour-cet-aventurier-au-retour-koh-lanta-je-nai-pas-gagne-les-100-000-euros-mais_a540309\/1\" rel=\"nofollow noopener\" target=\"_blank\">les vainqueurs qui remportent une jolie somme<\/a>. Et il y a <a href=\"https:\/\/www.purepeople.com\/article\/il-y-a-une-famille-derriere-maman-de-quatre-enfants-cette-ancienne-candidate-de-koh-lanta-se-retrouve-privee-de-travail-a-trois-jours-de-la-rentree_a541920\/1\" rel=\"nofollow noopener\" target=\"_blank\">les candidats embl\u00e9matiques<\/a> qui gagnent le c\u0153ur des t\u00e9l\u00e9spectateurs. Parmi eux, il y avait G\u00e9g\u00e9. Les fans du jeu ont pu le d\u00e9couvrir lors de la saison De son vrai nom G\u00e9rard Icardi, l\u2019aventurier de 79 ans est mort dans la nuit du 27 au 28 ao\u00fbt 2025. C\u2019est son fils, Fran\u00e7ois Icardi, qui a partag\u00e9 la nouvelle. Et ce 29 ao\u00fbt, il a publi\u00e9 <a href=\"https:\/\/www.purepeople.com\/article\/un-gagnant-de-koh-lanta-perd-son-bebe-moins-dun-mois-apres-la-naissance-la-vie-a-decide-de-te-rappeler-si-tot_a538880\/1\" rel=\"nofollow noopener\" target=\"_blank\">un autre message d\u00e9chirant<\/a> sur sa page Facebook.<\/p>\n<p>Car en plus de la perte de son p\u00e8re, il a expliqu\u00e9 que <strong>la veuve de G\u00e9g\u00e9 n\u2019est pas en capacit\u00e9 de couvrir les frais de ses fun\u00e9railles<\/strong>. Il pr\u00e9cise qu\u2019elle est \u201cd\u00e9j\u00e0 fragilis\u00e9e par une petite retraite\u201d. L\u2019\u00e9pouse du candidat de l\u2019\u00e9mission TF1 ne peut pas lui \u201coffrir <a href=\"https:\/\/www.purepeople.com\/article\/alain-producteur-et-frere-de-jean-paul-belmondo-sest-eteint-son-fils-devoile-ses-dernieres-volontes_a541908\/1\" rel=\"nofollow noopener\" target=\"_blank\">des obs\u00e8ques dignes de l\u2019homme qu\u2019il \u00e9tait<\/a>\u201d.\u00a0<\/p>\n<p>Un nouveau deuil pour la famille Koh-Lanta<\/p>\n<p>Le fils de G\u00e9rard Icardi lance donc un appel \u00e0 l\u2019aide : \u201c<strong>Malheureusement, les frais sont lourds et d\u00e9passent largement ses moyens<\/strong>\u201d. Une cagnotte solidaire est disponible en ligne pour que les fans de G\u00e9g\u00e9 puissent donner un coup de pouce \u00e0 ses proches. L\u2019objectif est de lui permettre de \u201creposer dans la dignit\u00e9 et entour\u00e9 de l\u2019amour de tous ceux qui l\u2019ont connu ou appr\u00e9ci\u00e9, que ce soit dans la vie ou \u00e0 travers l\u2019\u00e9cran\u201d.<\/p>\n<\/p>\n<p><strong>Chaque geste, m\u00eame le plus petit, sera appr\u00e9ci\u00e9 <\/strong>comme un \u201ct\u00e9moignage d\u2019affection\u201d envers G\u00e9g\u00e9 et sa famille. G\u00e9g\u00e9 est d\u00e9crit par son enfant comme un \u201chomme au grand c\u0153ur, authentique, g\u00e9n\u00e9reux et toujours pr\u00eat \u00e0 partager\u201d. Il laissera derri\u00e8re lui \u201cun grand vide\u201d. Un internaute a comment\u00e9 la cagnotte Leetchi avec des mots bouleversants : \u201cSinc\u00e8res condol\u00e9ances \u00e0 toute votre famille. Mon G\u00e9g\u00e9 tu vas me manquer. Toi qui m&rsquo;a fait d\u00e9couvrir la p\u00eache en mer, le bateau, ma passion d&rsquo;aujourd&rsquo;hui. Tu \u00e9tais un grand homme au grand c\u0153ur. Tu m&rsquo;as pr\u00e9sent\u00e9 ta famille que j&rsquo;appr\u00e9cie (&#8230;) Tu seras \u00e0 jamais dans mon c\u0153ur ainsi que toute ta famille. Tu resteras un grand homme, tu vas nous manquer. Adieu mon G\u00e9g\u00e9\u201d.<\/p>\n<p>Le 30 juillet 2025, St\u00e9phane Bertheau, candidat de la premi\u00e8re saison, est d\u00e9c\u00e9d\u00e9 \u00e0 l\u2019\u00e2ge de 48 ans. <a href=\"https:\/\/www.purepeople.com\/people\/denis-brogniart_p1113\" rel=\"nofollow noopener\" target=\"_blank\">Denis Brogniart<\/a> avait r\u00e9agi \u00e0 cette annonce. Pour cette nouvelle perte de l\u2019\u00e9t\u00e9, <strong>l\u2019animateur a \u00e9crit sur ses r\u00e9seaux sociaux <\/strong>un sobre \u201cRIP G\u00e9g\u00e9 \u201d, accompagnant une photo de l&rsquo;aventurier en noir et blanc.<\/p>\n","protected":false},"excerpt":{"rendered":"Par Lucie Gosselin | R\u00e9dactrice Journaliste passionn\u00e9e, depuis plus de 10 ans, je r\u00e9alise des enqu\u00eates, des portraits,&hellip;\n","protected":false},"author":2,"featured_media":354971,"comment_status":"","ping_status":"","sticky":false,"template":"","format":"standard","meta":{"footnotes":""},"categories":[1356],"tags":[58,59,1011,27,252,1364],"class_list":{"0":"post-354970","1":"post","2":"type-post","3":"status-publish","4":"format-standard","5":"has-post-thumbnail","7":"category-television","8":"tag-divertissement","9":"tag-entertainment","10":"tag-fr","11":"tag-france","12":"tag-television","13":"tag-tv"},"share_on_mastodon":{"url":"https:\/\/pubeurope.com\/@fr\/115119222384352968","error":""},"_links":{"self":[{"href":"https:\/\/www.europesays.com\/fr\/wp-json\/wp\/v2\/posts\/354970","targetHints":{"allow":["GET"]}}],"collection":[{"href":"https:\/\/www.europesays.com\/fr\/wp-json\/wp\/v2\/posts"}],"about":[{"href":"https:\/\/www.europesays.com\/fr\/wp-json\/wp\/v2\/types\/post"}],"author":[{"embeddable":true,"href":"https:\/\/www.europesays.com\/fr\/wp-json\/wp\/v2\/users\/2"}],"replies":[{"embeddable":true,"href":"https:\/\/www.europesays.com\/fr\/wp-json\/wp\/v2\/comments?post=354970"}],"version-history":[{"count":0,"href":"https:\/\/www.europesays.com\/fr\/wp-json\/wp\/v2\/posts\/354970\/revisions"}],"wp:featuredmedia":[{"embeddable":true,"href":"https:\/\/www.europesays.com\/fr\/wp-json\/wp\/v2\/media\/354971"}],"wp:attachment":[{"href":"https:\/\/www.europesays.com\/fr\/wp-json\/wp\/v2\/media?parent=354970"}],"wp:term":[{"taxonomy":"category","embeddable":true,"href":"https:\/\/www.europesays.com\/fr\/wp-json\/wp\/v2\/categories?post=354970"},{"taxonomy":"post_tag","embeddable":true,"href":"https:\/\/www.europesays.com\/fr\/wp-json\/wp\/v2\/tags?post=354970"}],"curies":[{"name":"wp","href":"https:\/\/api.w.org\/{rel}","templated":true}]}}