{"id":354974,"date":"2025-08-30T18:52:16","date_gmt":"2025-08-30T18:52:16","guid":{"rendered":"https:\/\/www.europesays.com\/fr\/354974\/"},"modified":"2025-08-30T18:52:16","modified_gmt":"2025-08-30T18:52:16","slug":"cest-officiel-lage-de-glace-6-a-une-date-de-sortie","status":"publish","type":"post","link":"https:\/\/www.europesays.com\/fr\/354974\/","title":{"rendered":"C&rsquo;est officiel, L&rsquo;\u00c2ge de glace 6 a une date de sortie"},"content":{"rendered":"<p>Ce samedi 30 ao\u00fbt marque le d\u00e9but de Destination D23, un \u00e9v\u00e9nement pens\u00e9 pour les fans du studio entre deux conventions D23. Si le programme est moins charg\u00e9, la convention n\u2019en reste pas moins un immanquable et une occasion pour la firme aux grandes oreilles de donner des nouvelles de ses projets les plus attendus. Animation, superh\u00e9ros et m\u00eame <a href=\"https:\/\/www.journaldugeek.com\/2025\/07\/28\/avatar-3-la-premiere-bande-annonce-est-enfin-la-et-elle-est-sublime\/\" rel=\"nofollow noopener\" target=\"_blank\">Na\u2019vis<\/a>, le showcase de Disney Studios promet quelques belles surprises.<\/p>\n<p>Mais avant son lancement, l\u2019entreprise avait d\u00e9j\u00e0 une nouvelle qui devrait ravir les adorateurs de dessins anim\u00e9s des ann\u00e9es 2000. La franchise L\u2019\u00c2ge de glace reprend du service\u2026 en 2027. Autrefois promis pour le mois de d\u00e9cembre 2026, le film a \u00e9t\u00e9 report\u00e9 de quelques mois pour laisser sa place \u00e0 <a href=\"https:\/\/www.journaldugeek.com\/2025\/03\/27\/avengers-doomsday-le-casting-nest-pas-encore-complet\/\" rel=\"nofollow noopener\" target=\"_blank\">Avengers\u00a0: Doomsday<\/a>. Sid, Manny et Diego reviendront en f\u00e9vrier 2027, soit plus de dix ans apr\u00e8s leurs derni\u00e8res aventures.<\/p>\n<p> Le point d\u2019\u00e9bullition <\/p>\n<p>Les d\u00e9tails de l\u2019intrigue sont encore tenus secrets mais Disney a partag\u00e9 un titre qui pourrait annoncer une nouvelle catastrophe d\u2019envergure pour les h\u00e9ros de la saga pr\u00e9historique. Boiling Point en anglais pour le point d\u2019\u00e9bullition, la bande a l\u2019intention de faire monter la temp\u00e9rature.<\/p>\n<blockquote class=\"twitter-tweet\" data-width=\"500\" data-dnt=\"true\">\n<p lang=\"en\" dir=\"ltr\">Ice Age: Boiling Point was just announced at Destination <a href=\"https:\/\/twitter.com\/DisneyD23?ref_src=twsrc%5Etfw\" rel=\"nofollow noopener\" target=\"_blank\">@DisneyD23<\/a>! Coming to theaters on February 5, 2027, the newest adventure takes the herd to visit never-before-seen corners of the treacherous Lost World! <a href=\"https:\/\/twitter.com\/hashtag\/DestinationD23?src=hash&amp;ref_src=twsrc%5Etfw\" rel=\"nofollow noopener\" target=\"_blank\">#DestinationD23<\/a> <a href=\"https:\/\/t.co\/ZfyeUa5if9\" rel=\"nofollow\">pic.twitter.com\/ZfyeUa5if9<\/a><\/p>\n<p>\u2014 Walt Disney Studios (@DisneyStudios) <a href=\"https:\/\/twitter.com\/DisneyStudios\/status\/1961794775084138907?ref_src=twsrc%5Etfw\" rel=\"nofollow noopener\" target=\"_blank\">August 30, 2025<\/a><\/p>\n<\/blockquote>\n<p>Il va falloir patienter un peu pour avoir de premi\u00e8res images, sans doute courant 2026. Ce volet est dans tous les cas tr\u00e8s attendu\u2026 autant qu\u2019il est redout\u00e9. En effet, il s\u2019agira du premier film de la saga \u00e0 ne pas \u00eatre produit sous la banni\u00e8re Blue Sky Studios. En 2021, apr\u00e8s l\u2019acquisition de la Fox, la firme aux grandes oreilles avait choisi de ferme cette division d\u00e9di\u00e9e \u00e0 l\u2019animation pour se concentrer sur ses propres \u00e9quipes.<\/p>\n<blockquote class=\"twitter-tweet\" data-width=\"500\" data-dnt=\"true\">\n<p lang=\"en\" dir=\"ltr\">First look at Baby Scrat in \u2018ICE AGE 6\u2019<\/p>\n<p>In theaters on February 5, 2027 <a href=\"https:\/\/t.co\/Zxth6Iipa8\" rel=\"nofollow\">pic.twitter.com\/Zxth6Iipa8<\/a><\/p>\n<p>\u2014 DiscussingFilm (@DiscussingFilm) <a href=\"https:\/\/twitter.com\/DiscussingFilm\/status\/1961796110873170142?ref_src=twsrc%5Etfw\" rel=\"nofollow noopener\" target=\"_blank\">August 30, 2025<\/a><\/p>\n<\/blockquote>\n<p>Une s\u00e9rie anim\u00e9e avait alors \u00e9t\u00e9 produite sous l\u2019\u00e9gide de Disney+. Baptis\u00e9e Les Aventures de Buck Wild, elle n\u2019avait pas connu un succ\u00e8s retentissant. Disney esp\u00e8re que, dans les salles obscures, la nostalgie fera son oeuvre et que les personnages ador\u00e9s il n\u2019y a pas si longtemps auront toujours la cote aupr\u00e8s des jeunes spectateurs.<\/p>\n<blockquote>\n<p class=\"text-base text-neutral-700 dark:text-neutral-300\">\ud83d\udfe3 Pour ne manquer aucune news sur le Journal du Geek, abonnez-vous sur <a href=\"https:\/\/news.google.com\/publications\/CAAqBwgKMNr_hAswwYyCAw?hl=fr&amp;gl=FR&amp;ceid=FR%3Afr\" target=\"_blank\" rel=\"nofollow noopener\">Google Actualit\u00e9s<\/a> et sur <a href=\"https:\/\/whatsapp.com\/channel\/0029VaClM5y4tRry12tb7D2h\" target=\"_blank\" rel=\"nofollow noopener\">notre WhatsApp<\/a>. Et si vous nous adorez, on a <a href=\"https:\/\/www.journaldugeek.com\/newsletter\/\" target=\"_blank\" rel=\"nofollow noopener\">une newsletter tous les matins<\/a>.<\/p>\n<\/blockquote>\n<p>                  <script async src=\"https:\/\/platform.twitter.com\/widgets.js\" charset=\"utf-8\"><\/script><\/p>\n","protected":false},"excerpt":{"rendered":"Ce samedi 30 ao\u00fbt marque le d\u00e9but de Destination D23, un \u00e9v\u00e9nement pens\u00e9 pour les fans du studio&hellip;\n","protected":false},"author":2,"featured_media":354975,"comment_status":"","ping_status":"","sticky":false,"template":"","format":"standard","meta":{"footnotes":""},"categories":[1354],"tags":[49098,58,59,1346,1011,27,49099,1360],"class_list":{"0":"post-354974","1":"post","2":"type-post","3":"status-publish","4":"format-standard","5":"has-post-thumbnail","7":"category-films","8":"tag-d23","9":"tag-divertissement","10":"tag-entertainment","11":"tag-films","12":"tag-fr","13":"tag-france","14":"tag-lage-de-glace","15":"tag-movies"},"share_on_mastodon":{"url":"https:\/\/pubeurope.com\/@fr\/115119229666474463","error":""},"_links":{"self":[{"href":"https:\/\/www.europesays.com\/fr\/wp-json\/wp\/v2\/posts\/354974","targetHints":{"allow":["GET"]}}],"collection":[{"href":"https:\/\/www.europesays.com\/fr\/wp-json\/wp\/v2\/posts"}],"about":[{"href":"https:\/\/www.europesays.com\/fr\/wp-json\/wp\/v2\/types\/post"}],"author":[{"embeddable":true,"href":"https:\/\/www.europesays.com\/fr\/wp-json\/wp\/v2\/users\/2"}],"replies":[{"embeddable":true,"href":"https:\/\/www.europesays.com\/fr\/wp-json\/wp\/v2\/comments?post=354974"}],"version-history":[{"count":0,"href":"https:\/\/www.europesays.com\/fr\/wp-json\/wp\/v2\/posts\/354974\/revisions"}],"wp:featuredmedia":[{"embeddable":true,"href":"https:\/\/www.europesays.com\/fr\/wp-json\/wp\/v2\/media\/354975"}],"wp:attachment":[{"href":"https:\/\/www.europesays.com\/fr\/wp-json\/wp\/v2\/media?parent=354974"}],"wp:term":[{"taxonomy":"category","embeddable":true,"href":"https:\/\/www.europesays.com\/fr\/wp-json\/wp\/v2\/categories?post=354974"},{"taxonomy":"post_tag","embeddable":true,"href":"https:\/\/www.europesays.com\/fr\/wp-json\/wp\/v2\/tags?post=354974"}],"curies":[{"name":"wp","href":"https:\/\/api.w.org\/{rel}","templated":true}]}}