{"id":354976,"date":"2025-08-30T18:54:19","date_gmt":"2025-08-30T18:54:19","guid":{"rendered":"https:\/\/www.europesays.com\/fr\/354976\/"},"modified":"2025-08-30T18:54:19","modified_gmt":"2025-08-30T18:54:19","slug":"en-direct-football-suivez-asse-grenoble-les-verts-peuvent-creer-un-premier-ecart-le-progres","status":"publish","type":"post","link":"https:\/\/www.europesays.com\/fr\/354976\/","title":{"rendered":"En direct Football. Suivez ASSE-Grenoble : les Verts peuvent cr\u00e9er un premier \u00e9cart &#8211; Le Progr\u00e8s"},"content":{"rendered":"<ol>\n<li><a href=\"https:\/\/news.google.com\/rss\/articles\/CBMiygFBVV95cUxQVWEwbWtIY0FHcGxZRm5DRU1SNjBvWU5zMzZRNG1MODJvTVNUdC1vYjYtM1NObGRJakQzQ1c1MjduZm5xci1ndEY3ZzZNSVNFd0hBSGRYVi1oX1pDdWFFcXNSSTdBSGR4ODBiVlh4NHNacEFGMXpFLXRYMjh5UWhMUnFEbDA2OERXRldxZ0xwT2tDNGlkWF96cTY5Tl9KcGxxQUpmUl9SQVhYUjA2Q0xydHRmbm1zellfUFRPdzltWU4xdTJBc1NHRFVn?oc=5\" target=\"_blank\" rel=\"noopener\">En direct Football. Suivez ASSE-Grenoble : les Verts peuvent cr\u00e9er un premier \u00e9cart<\/a>&nbsp;&nbsp;Le Progr\u00e8s<\/li>\n<li><a href=\"https:\/\/news.google.com\/rss\/articles\/CBMikgFBVV95cUxPcFU0LTE1YmV5UnZfLWMxZG9jR0ljMWRNOERuX1ljSXRtaVpoT0JFaHdyeVQzNkROdEpiVGVnV09ELUpyLTFqOEhVNkZKY3ZoWVNTeDcwT2UwLWVZYlhqTTFDM296N0pNUHpVNkUxTF9Vek5LcGttTG5WdDJ2aUwxRF9uUWJ0OUFUb3R1Z3RFMGFwQQ?oc=5\" target=\"_blank\" rel=\"noopener\">DIRECT. ASSE-Grenoble (Ligue 2 2025-2026) en direct<\/a>&nbsp;&nbsp;L&rsquo;\u00c9quipe<\/li>\n<li><a href=\"https:\/\/news.google.com\/rss\/articles\/CBMivgFBVV95cUxPWWhXYXhxdmx1alk3MDlsekc4T3N0a0x3bnBfUlNYVFB0RlBFSTFCUnNEMktTNEJyaF96b0hBT3ROWVA0am1VU3B3OWFTY0phMUhnMVFLTkZDcUd5TUFLejhYbGlWUU5rLW1TcmRtaG4wSU1nT05JTV9OdnFEMHI5YWtkTUlhdS1DTHYwVXJkT2w3dG0xMFgydFNGV0RxX1RxQkctbU91X1JhWHV2Q0U4X3Fmc090MkZWanhhLUl3?oc=5\" target=\"_blank\" rel=\"noopener\">En direct Football &#8211; Ligue 2. Grosse erreur de Mambo, l&rsquo;ASSE prend les devants face au GF38&#8230; Suivez le match<\/a>&nbsp;&nbsp;Le Dauphin\u00e9 Lib\u00e9r\u00e9<\/li>\n<li><a href=\"https:\/\/news.google.com\/rss\/articles\/CBMidkFVX3lxTE5PcUVJM05ycEJFb1dsYkdZNi1MVDNaaG83eHpUNjJrcGhDQ0s2LXI0ajEyT3Ria05yY0JLVk1DSHIwcEJxVzlPdWFySEJ5ZzFIRF8yMzNkNXNJQzk2SkRlVENHWUI3UEpNMUtyWG0wY2ttX3gzZnc?oc=5\" target=\"_blank\" rel=\"noopener\">Faouzi Benchabane au sifflet<\/a>&nbsp;&nbsp;ASSE<\/li>\n<li><a href=\"https:\/\/news.google.com\/rss\/articles\/CBMivAFBVV95cUxQR3ZlZk4wNGZXWFBPaFZ1OFNsSkwxSUd2Q0ktQnZlSEtISTdacnI4YU1ORC1WNGt1UWRiSWxRd3NkN0l2Z29VSXd0dVlUbFZwcFRzUWtYLW5GQ056ZGp4WWVOMmFqQzFsZjNsTFFkRThDcS1ra2NGc3dpRUtuUFVMYlBtbS1ybjF4NzN1dC11MGNpcklONWF1c2dWNnNPNExRd0tiWVpZdnJRdTRFb1Q2MFhjUFlfRHc1Q0ZqMQ?oc=5\" target=\"_blank\" rel=\"noopener\">DIRECT &#8211; Ligue 2 : l&rsquo;AS Saint-\u00c9tienne re\u00e7oit Grenoble, suivez la 4e journ\u00e9e<\/a>&nbsp;&nbsp;francebleu.fr<\/li>\n<\/ol>\n","protected":false},"excerpt":{"rendered":"En direct Football. Suivez ASSE-Grenoble : les Verts peuvent cr\u00e9er un premier \u00e9cart&nbsp;&nbsp;Le Progr\u00e8s DIRECT. ASSE-Grenoble (Ligue 2&hellip;\n","protected":false},"author":2,"featured_media":354977,"comment_status":"","ping_status":"","sticky":false,"template":"","format":"standard","meta":{"footnotes":""},"categories":[9],"tags":[4000,7539,107,63,1011,27,4002,3367,4001,517,60],"class_list":{"0":"post-354976","1":"post","2":"type-post","3":"status-publish","4":"format-standard","5":"has-post-thumbnail","7":"category-sports","8":"tag-asse-as-saint-etienne-football","9":"tag-edition-loire-sud","10":"tag-fil-info","11":"tag-football","12":"tag-fr","13":"tag-france","14":"tag-haute-loire","15":"tag-loire","16":"tag-saint-etienne","17":"tag-sport","18":"tag-sports"},"share_on_mastodon":{"url":"https:\/\/pubeurope.com\/@fr\/115119237589855602","error":""},"_links":{"self":[{"href":"https:\/\/www.europesays.com\/fr\/wp-json\/wp\/v2\/posts\/354976","targetHints":{"allow":["GET"]}}],"collection":[{"href":"https:\/\/www.europesays.com\/fr\/wp-json\/wp\/v2\/posts"}],"about":[{"href":"https:\/\/www.europesays.com\/fr\/wp-json\/wp\/v2\/types\/post"}],"author":[{"embeddable":true,"href":"https:\/\/www.europesays.com\/fr\/wp-json\/wp\/v2\/users\/2"}],"replies":[{"embeddable":true,"href":"https:\/\/www.europesays.com\/fr\/wp-json\/wp\/v2\/comments?post=354976"}],"version-history":[{"count":0,"href":"https:\/\/www.europesays.com\/fr\/wp-json\/wp\/v2\/posts\/354976\/revisions"}],"wp:featuredmedia":[{"embeddable":true,"href":"https:\/\/www.europesays.com\/fr\/wp-json\/wp\/v2\/media\/354977"}],"wp:attachment":[{"href":"https:\/\/www.europesays.com\/fr\/wp-json\/wp\/v2\/media?parent=354976"}],"wp:term":[{"taxonomy":"category","embeddable":true,"href":"https:\/\/www.europesays.com\/fr\/wp-json\/wp\/v2\/categories?post=354976"},{"taxonomy":"post_tag","embeddable":true,"href":"https:\/\/www.europesays.com\/fr\/wp-json\/wp\/v2\/tags?post=354976"}],"curies":[{"name":"wp","href":"https:\/\/api.w.org\/{rel}","templated":true}]}}