{"id":354978,"date":"2025-08-30T18:55:10","date_gmt":"2025-08-30T18:55:10","guid":{"rendered":"https:\/\/www.europesays.com\/fr\/354978\/"},"modified":"2025-08-30T18:55:10","modified_gmt":"2025-08-30T18:55:10","slug":"eric-antoine-marie-lanimateur-a-dit-oui-a-gennifer-demey-sublime-dans-sa-robe-blanche","status":"publish","type":"post","link":"https:\/\/www.europesays.com\/fr\/354978\/","title":{"rendered":"\u00c9ric Antoine mari\u00e9 : l\u2019animateur a dit \u00ab\u00a0oui\u00a0\u00bb \u00e0 Gennifer Demey, sublime dans sa robe blanche"},"content":{"rendered":"<p>Une bonne nouvelle pour cl\u00f4turer les vacances. Alors que l\u2019\u00e9t\u00e9<br \/>\ntouche \u00e0 sa fin, et que tout le monde ne parle que de la rentr\u00e9e,<br \/>\n\u00c9ric Antoine a d\u00e9cid\u00e9 de prolonger les festivit\u00e9s. Et pas de<br \/>\nn\u2019importe quelle mani\u00e8re.<\/p>\n<p>L\u2019animateur t\u00e9l\u00e9, humoriste et magicien (rien que \u00e7a), vient de<br \/>\nse marier ! <strong>Samedi 30 ao\u00fbt, il a enfin dit \u201coui\u201d \u00e0 l\u2019\u00e9lue<br \/>\nde son c\u0153ur<\/strong>, qui est une autre personnalit\u00e9 bien connue du<br \/>\npublic, puisqu\u2019il s\u2019agit de Gennifer Demey, qui est <a href=\"https:\/\/www.closermag.fr\/people\/eric-antoine-en-couple-avec-gennifer-demey-a-quand-le-bebe-la-presentatrice-meteo-dm6-repond-sans-langue-de-bois-3531984\" target=\"_blank\" rel=\"noopener\"><br \/>\nmannequin et pr\u00e9sentatrice m\u00e9t\u00e9o.<\/a><\/p>\n<p>\u00c9ric Antoine et Gennifer Demey : un mariage \u00e9mouvant<\/p>\n<p>Cela ne fait que quelques mois que celui qui a \u00e9t\u00e9 r\u00e9v\u00e9l\u00e9 en<br \/>\n2006, dans \u201cLa France a un incroyable talent\u201d, a <a href=\"https:\/\/www.closermag.fr\/people\/eric-antoine-divorce-il-officialise-son-couple-avec-gennifer-demey-miss-meteo-de-m6-3526792\" target=\"_blank\" rel=\"noopener\"><br \/>\nofficialis\u00e9 sa relation avec Gennifer Demey,<\/a> et les deux<br \/>\namoureux viennent de s\u2019unir. Samedi 30 ao\u00fbt dans l\u2019apr\u00e8s-midi,<br \/>\nc\u2019est sa coll\u00e8gue et amie Karine Le Marchand qui a partag\u00e9 une<br \/>\nvid\u00e9o en story sur Instagram, du <strong>couple qui se dit \u201coui\u201d<br \/>\ndevant la mairesse.<\/strong> Un moment fort en \u00e9motion. Pour ce<br \/>\njour si particulier, <a href=\"https:\/\/www.closermag.fr\/people\/eric-antoine-ses-confidences-sur-son-fils-aine-diagnostique-hpi-1488397#item=1\" target=\"_blank\" rel=\"noopener\"><br \/>\nle p\u00e8re de Rapha\u00ebl et Ulysse<\/a> a opt\u00e9 pour un costume de couleur<br \/>\ntr\u00e8s claire, l\u00e9g\u00e8rement violet. Sa femme \u00e9tait v\u00eatue d\u2019une<br \/>\nmagnifique robe blanche, bustier, avec une coupe style sir\u00e8ne. Une<br \/>\nrobe tr\u00e8s \u00e9l\u00e9gante, qui lui allait \u00e0 merveille. Sans parler de sa<br \/>\ncoiffure ! Celle qui est \u00e0 la fois ost\u00e9opathe et journaliste avait<br \/>\nentrelac\u00e9 sa chevelure blonde d\u2019une coiffure digne d\u2019un conte de<br \/>\nf\u00e9es.<\/p>\n<p>L\u2019\u00e9change de leurs v\u0153ux fut un moment tr\u00e8s \u00e9mouvant, immortalis\u00e9<br \/>\npar <a href=\"https:\/\/www.closermag.fr\/tv_tele_realite\/adp\/lamour-est-dans-le-pre-spoiler-karine-le-marchand-scandalisee-par-la-goujaterie-danthony-en-plein-speed-dating-3573541\" target=\"_blank\" rel=\"noopener\"><br \/>\nl\u2019animatrice de L\u00a0\u00bbAmour est dans le pr\u00e9.<\/a> En effet, dans la<br \/>\nmairie, on lui demande s\u2019il veut <strong>\u00e9pouser Gennifer<br \/>\nDemey,<\/strong> il n\u2019a pas h\u00e9sit\u00e9 une seconde et s\u2019exclame<br \/>\ndirectement : \u201cOh oui\u201d, sans r\u00e9fl\u00e9chir.<\/p>\n<p>\u00c9ric Antoine se confie sur sa<br \/>\nfemme<\/p>\n<p>Ce mariage, bien que touchant, n\u2019est pas une grande surprise. En<br \/>\neffet, <a href=\"https:\/\/www.closermag.fr\/people\/une-facturation-trop-importante-le-divorce-deric-antoine-lui-a-laisse-un-gout-amer-et-des-finances-en-berne-3539797\" target=\"_blank\" rel=\"noopener\"><br \/>\nl\u2019animateur des Tra\u00eetres<\/a> avait annonc\u00e9 fin juillet qu\u2019il allait<br \/>\nse marier en ao\u00fbt, sans pr\u00e9ciser la date, dans les colonnes de<br \/>\nT\u00e9l\u00e9 Cab Set. Il en avait profit\u00e9 pour faire l\u2019\u00e9loge de sa<br \/>\ndulcin\u00e9e : \u201c<strong>C&rsquo;est une femme brillante.<\/strong> Elle a<br \/>\nce double m\u00e9tier d&rsquo;ost\u00e9opathe et de journaliste. Ce que j&rsquo;aime<br \/>\naussi chez Gennifer, c&rsquo;est que c&rsquo;est une personne avec une \u00e9thique<br \/>\ndu fait d&rsquo;\u00eatre \u00e0 la fois soignante et femme de m\u00e9dias. Elle a une<br \/>\nrichesse intellectuelle et une sensibilit\u00e9 extraordinaires. C&rsquo;est<br \/>\nrare.\u00a0\u00bb<\/p>\n<p>Tous les deux se sont rencontr\u00e9s sur un plateau, alors qu\u2019\u00c9ric<br \/>\nAntoine venait faire la promotion de Lego Masters \u00e0 la<br \/>\nm\u00e9t\u00e9o. Apr\u00e8s \u00eatre rest\u00e9s amis plusieurs ann\u00e9es, leurs sentiments<br \/>\nont \u00e9volu\u00e9.<\/p>\n","protected":false},"excerpt":{"rendered":"Une bonne nouvelle pour cl\u00f4turer les vacances. Alors que l\u2019\u00e9t\u00e9 touche \u00e0 sa fin, et que tout le&hellip;\n","protected":false},"author":2,"featured_media":354979,"comment_status":"","ping_status":"","sticky":false,"template":"","format":"standard","meta":{"footnotes":""},"categories":[8],"tags":[548,58,59,1194,1011,27],"class_list":{"0":"post-354978","1":"post","2":"type-post","3":"status-publish","4":"format-standard","5":"has-post-thumbnail","7":"category-divertissement","8":"tag-article-simple","9":"tag-divertissement","10":"tag-entertainment","11":"tag-eric-antoine","12":"tag-fr","13":"tag-france"},"share_on_mastodon":{"url":"https:\/\/pubeurope.com\/@fr\/115119241492382424","error":""},"_links":{"self":[{"href":"https:\/\/www.europesays.com\/fr\/wp-json\/wp\/v2\/posts\/354978","targetHints":{"allow":["GET"]}}],"collection":[{"href":"https:\/\/www.europesays.com\/fr\/wp-json\/wp\/v2\/posts"}],"about":[{"href":"https:\/\/www.europesays.com\/fr\/wp-json\/wp\/v2\/types\/post"}],"author":[{"embeddable":true,"href":"https:\/\/www.europesays.com\/fr\/wp-json\/wp\/v2\/users\/2"}],"replies":[{"embeddable":true,"href":"https:\/\/www.europesays.com\/fr\/wp-json\/wp\/v2\/comments?post=354978"}],"version-history":[{"count":0,"href":"https:\/\/www.europesays.com\/fr\/wp-json\/wp\/v2\/posts\/354978\/revisions"}],"wp:featuredmedia":[{"embeddable":true,"href":"https:\/\/www.europesays.com\/fr\/wp-json\/wp\/v2\/media\/354979"}],"wp:attachment":[{"href":"https:\/\/www.europesays.com\/fr\/wp-json\/wp\/v2\/media?parent=354978"}],"wp:term":[{"taxonomy":"category","embeddable":true,"href":"https:\/\/www.europesays.com\/fr\/wp-json\/wp\/v2\/categories?post=354978"},{"taxonomy":"post_tag","embeddable":true,"href":"https:\/\/www.europesays.com\/fr\/wp-json\/wp\/v2\/tags?post=354978"}],"curies":[{"name":"wp","href":"https:\/\/api.w.org\/{rel}","templated":true}]}}