{"id":354984,"date":"2025-08-30T18:58:13","date_gmt":"2025-08-30T18:58:13","guid":{"rendered":"https:\/\/www.europesays.com\/fr\/354984\/"},"modified":"2025-08-30T18:58:13","modified_gmt":"2025-08-30T18:58:13","slug":"un-enorme-trou-au-milieu-de-lautoroute-et-dune-voie-ferree-un-homme-recherche-apres-un-glissement-de-terrain","status":"publish","type":"post","link":"https:\/\/www.europesays.com\/fr\/354984\/","title":{"rendered":"Un \u00e9norme trou au milieu de l\u2019autoroute et d\u2019une voie ferr\u00e9e\u00a0: un homme recherch\u00e9 apr\u00e8s un glissement de terrain"},"content":{"rendered":"<p>\n                                                                Ce samedi 30\u00a0ao\u00fbt 2025, le corps d\u2019un est recherch\u00e9 en Norv\u00e8ge apr\u00e8s un important glissement de terrain au niveau d\u2019une autoroute et d\u2019une voie ferr\u00e9e.\n                            <\/p>\n<p>Un glissement de terrain dans l\u2019ouest de la Norv\u00e8ge a emport\u00e9 samedi une portion d\u2019autoroute et de voie ferr\u00e9e sur plusieurs dizaines de m\u00e8tres, faisant un mort, ont annonc\u00e9 les autorit\u00e9s. Le corps de la victime est actuellement recherch\u00e9, selon <a href=\"https:\/\/www.dagbladet.no\/nyheter\/soker-etter-antatt-omkommet\/83526009\" target=\"_blank\" rel=\"nofollow noopener\">la presse norv\u00e9gienne<\/a>.<\/p>\n<p>Il travaillait sur le site<\/p>\n<p>Un \u00e9norme trou traverse les deux voies de l\u2019autoroute E6 et la voie ferr\u00e9e qui longe la route \u00e0 Levanger, o\u00f9 s\u2019est produit le glissement de terrain, selon les photos des m\u00e9dias norv\u00e9giens.<\/p>\n<p>Un Danois qui\u00a0travaillait sur le site, port\u00e9 disparu, est pr\u00e9sum\u00e9 mort, a indiqu\u00e9 la police du district de Tr\u00f8ndelag dans un communiqu\u00e9. Deux maisons proches du lieu du glissement de terrain ont \u00e9t\u00e9 \u00e9vacu\u00e9es.<\/p>\n<p>L\u2019entreprise publique charg\u00e9e de g\u00e9rer l\u2019infrastructure des chemins de fer norv\u00e9giens effectuait des travaux pour stabiliser le sol le long de la voie ferr\u00e9e, a indiqu\u00e9 l\u2019entreprise \u00e0 la cha\u00eene de t\u00e9l\u00e9vision NRK.<\/p>\n<p>        <img decoding=\"async\" class=\"std-img__img responsive-img\" src=\"https:\/\/www.europesays.com\/fr\/wp-content\/uploads\/2025\/08\/1756580293_645_image.jpg\" alt=\"Le trou sur l\u2019autoroute en Norv\u00e8ge.\"\/><\/p>\n<p>                Le trou sur l\u2019autoroute en Norv\u00e8ge.<br \/>\n                                    MAXPPP &#8211; OLE MARTIN WOLD<\/p>\n<p>Il est cependant trop t\u00f4t pour dire si ces travaux ont pu entra\u00eener le glissement de terrain, selon le groupe. \u00c0 cet endroit le sol est largement constitu\u00e9 d\u2019argile qui peut provoquer de tels ph\u00e9nom\u00e8nes, selon des experts cit\u00e9s par l\u2019agence de presse NTB.<\/p>\n<p>L\u2019autoroute E6 va \u00eatre ferm\u00e9e plusieurs jours, selon l\u2019administration norv\u00e9gienne des routes.<\/p>\n","protected":false},"excerpt":{"rendered":"Ce samedi 30\u00a0ao\u00fbt 2025, le corps d\u2019un est recherch\u00e9 en Norv\u00e8ge apr\u00e8s un important glissement de terrain au&hellip;\n","protected":false},"author":2,"featured_media":354985,"comment_status":"","ping_status":"","sticky":false,"template":"","format":"standard","meta":{"footnotes":""},"categories":[5],"tags":[11,1011,27,14,12,28],"class_list":{"0":"post-354984","1":"post","2":"type-post","3":"status-publish","4":"format-standard","5":"has-post-thumbnail","7":"category-international","8":"tag-actualites","9":"tag-fr","10":"tag-france","11":"tag-international","12":"tag-news","13":"tag-world"},"share_on_mastodon":{"url":"https:\/\/pubeurope.com\/@fr\/115119253303275650","error":""},"_links":{"self":[{"href":"https:\/\/www.europesays.com\/fr\/wp-json\/wp\/v2\/posts\/354984","targetHints":{"allow":["GET"]}}],"collection":[{"href":"https:\/\/www.europesays.com\/fr\/wp-json\/wp\/v2\/posts"}],"about":[{"href":"https:\/\/www.europesays.com\/fr\/wp-json\/wp\/v2\/types\/post"}],"author":[{"embeddable":true,"href":"https:\/\/www.europesays.com\/fr\/wp-json\/wp\/v2\/users\/2"}],"replies":[{"embeddable":true,"href":"https:\/\/www.europesays.com\/fr\/wp-json\/wp\/v2\/comments?post=354984"}],"version-history":[{"count":0,"href":"https:\/\/www.europesays.com\/fr\/wp-json\/wp\/v2\/posts\/354984\/revisions"}],"wp:featuredmedia":[{"embeddable":true,"href":"https:\/\/www.europesays.com\/fr\/wp-json\/wp\/v2\/media\/354985"}],"wp:attachment":[{"href":"https:\/\/www.europesays.com\/fr\/wp-json\/wp\/v2\/media?parent=354984"}],"wp:term":[{"taxonomy":"category","embeddable":true,"href":"https:\/\/www.europesays.com\/fr\/wp-json\/wp\/v2\/categories?post=354984"},{"taxonomy":"post_tag","embeddable":true,"href":"https:\/\/www.europesays.com\/fr\/wp-json\/wp\/v2\/tags?post=354984"}],"curies":[{"name":"wp","href":"https:\/\/api.w.org\/{rel}","templated":true}]}}