{"id":354990,"date":"2025-08-30T19:01:33","date_gmt":"2025-08-30T19:01:33","guid":{"rendered":"https:\/\/www.europesays.com\/fr\/354990\/"},"modified":"2025-08-30T19:01:33","modified_gmt":"2025-08-30T19:01:33","slug":"saint-etienne-une-rentree-chargee-pour-le-club-photo","status":"publish","type":"post","link":"https:\/\/www.europesays.com\/fr\/354990\/","title":{"rendered":"Saint-\u00c9tienne. Une rentr\u00e9e charg\u00e9e pour le Club photo"},"content":{"rendered":"<p>Des rencontres avec des professionnels, des ateliers de techniques photographiques, des discussions et du partage, et m\u00eame des sorties pour visiter des expositions ou des festivals d\u00e9di\u00e9s. Les adh\u00e9rents du Club photo de Saint-\u00c9tienne, le CPSE, disposent d\u2019un large \u00e9ventail autour de leur passion commune, qu\u2019ils pratiquent toute l\u2019ann\u00e9e, dans les locaux du passage Saint-Barth\u00e9l\u00e9my.<\/p>\n<p>Professionnels et amateurs<\/p>\n<p>\u00ab\u00a0Nos adh\u00e9rents sont de tous les \u00e2ges, de 18 \u00e0 73 ans, et de tous niveaux\u00a0\u00bb, explique Olivier&#8230;<\/p>\n","protected":false},"excerpt":{"rendered":"Des rencontres avec des professionnels, des ateliers de techniques photographiques, des discussions et du partage, et m\u00eame des&hellip;\n","protected":false},"author":2,"featured_media":354991,"comment_status":"","ping_status":"","sticky":false,"template":"","format":"standard","meta":{"footnotes":""},"categories":[9653],"tags":[1111,11,2430,1687,7539,1777,674,2271,1011,27,12,25,4001,7538],"class_list":{"0":"post-354990","1":"post","2":"type-post","3":"status-publish","4":"format-standard","5":"has-post-thumbnail","7":"category-saint-etienne","8":"tag-actu","9":"tag-actualites","10":"tag-auvergne-rhone-alpes","11":"tag-culture-loisirs","12":"tag-edition-loire-sud","13":"tag-eu","14":"tag-europe","15":"tag-exposition-arts-plastiques","16":"tag-fr","17":"tag-france","18":"tag-news","19":"tag-republique-francaise","20":"tag-saint-etienne","21":"tag-saint-etienne-ville"},"share_on_mastodon":{"url":"https:\/\/pubeurope.com\/@fr\/115119265059211717","error":""},"_links":{"self":[{"href":"https:\/\/www.europesays.com\/fr\/wp-json\/wp\/v2\/posts\/354990","targetHints":{"allow":["GET"]}}],"collection":[{"href":"https:\/\/www.europesays.com\/fr\/wp-json\/wp\/v2\/posts"}],"about":[{"href":"https:\/\/www.europesays.com\/fr\/wp-json\/wp\/v2\/types\/post"}],"author":[{"embeddable":true,"href":"https:\/\/www.europesays.com\/fr\/wp-json\/wp\/v2\/users\/2"}],"replies":[{"embeddable":true,"href":"https:\/\/www.europesays.com\/fr\/wp-json\/wp\/v2\/comments?post=354990"}],"version-history":[{"count":0,"href":"https:\/\/www.europesays.com\/fr\/wp-json\/wp\/v2\/posts\/354990\/revisions"}],"wp:featuredmedia":[{"embeddable":true,"href":"https:\/\/www.europesays.com\/fr\/wp-json\/wp\/v2\/media\/354991"}],"wp:attachment":[{"href":"https:\/\/www.europesays.com\/fr\/wp-json\/wp\/v2\/media?parent=354990"}],"wp:term":[{"taxonomy":"category","embeddable":true,"href":"https:\/\/www.europesays.com\/fr\/wp-json\/wp\/v2\/categories?post=354990"},{"taxonomy":"post_tag","embeddable":true,"href":"https:\/\/www.europesays.com\/fr\/wp-json\/wp\/v2\/tags?post=354990"}],"curies":[{"name":"wp","href":"https:\/\/api.w.org\/{rel}","templated":true}]}}