{"id":354994,"date":"2025-08-30T19:04:30","date_gmt":"2025-08-30T19:04:30","guid":{"rendered":"https:\/\/www.europesays.com\/fr\/354994\/"},"modified":"2025-08-30T19:04:30","modified_gmt":"2025-08-30T19:04:30","slug":"nancy-rentree-du-foot-queer-feministe-%f0%9f%94%b4-info-libertaire","status":"publish","type":"post","link":"https:\/\/www.europesays.com\/fr\/354994\/","title":{"rendered":"[Nancy] Rentr\u00e9e du foot queer f\u00e9ministe ! \u2013 \ud83d\udd34 Info Libertaire"},"content":{"rendered":"<p><\/p>\n<p>La rentr\u00e9e arrive, c\u2019est reparti pour une joyeuse ann\u00e9e de foot\u00a0!<\/p>\n<p>En v\u00e9rit\u00e9, le foot queer f\u00e9ministe a continu\u00e9 tout l\u2019\u00e9t\u00e9 et nous avons battu des records de participation\u00a0! \u00c0 partir de septembre, nous reprendrons le cr\u00e9neau habituel, les<strong> dimanches soirs \u00e0 18h30.<\/strong><\/p>\n<p><\/p>\n<p>Pour ce mois-ci, on reste \u00e0 la P\u00e9pini\u00e8re mais lorsque les jours seront trop courts, on repassera sur un city stade avec notre \u00e9clairage maison.<\/p>\n<p>L\u2019id\u00e9e, c\u2019est toujours d\u2019apprendre ensemble \u00e0 jouer au foot avec des petits exercices, des matchs et de la bienveillance. Chaque personne peut venir avec ses id\u00e9es, ses envies et on en discute\u00a0!<\/p>\n<p>Le prochain rendez-vous aura lieu le <strong> dimanche 7 septembre \u00e0 18h30<\/strong>, \u00e0 c\u00f4t\u00e9 des terrains de foot au parc de la P\u00e9pini\u00e8re \u00e0 Nancy.<\/p>\n<p>On reste toujours sur une mixit\u00e9 choisie sans homme cis h\u00e9t\u00e9ro.<\/p>\n<p>Pour toute question (hors remarques d\u00e9sobligeantes sur la non-mixit\u00e9), vous pouvez nous \u00e9crire \u00e0\u00a0: footqueerfeministe.lorraine(at)proton.me<\/p>\n<p>\u00c0 bient\u00f4t autour d\u2019un ballon\u00a0!<\/p>\n<p>\t<img decoding=\"async\" alt=\"\" src=\"IMG\/png\/rentre_e_foot.png\" data-l=\"9921\" data-h=\"8031\" data-tailles=\"[\" data-autorisees=\"{\" class=\"image_responsive\" data-pagespeed-url-hash=\"133252675\" onload=\"pagespeed.CriticalImages.checkImageForCriticality(this);\"\/><\/p>\n<p><br clear=\"both\"\/><\/p>\n<p><\/p>\n<p><strong>Source:<\/strong> <a href=\"https:\/\/manif-est.info\/Nancy-Rentree-du-foot-queer-feministe-3532.html\" target=\"_blank\" rel=\"nofollow noopener\">Manif-est.info<\/a><br \/><\/p>\n","protected":false},"excerpt":{"rendered":"La rentr\u00e9e arrive, c\u2019est reparti pour une joyeuse ann\u00e9e de foot\u00a0! En v\u00e9rit\u00e9, le foot queer f\u00e9ministe a&hellip;\n","protected":false},"author":2,"featured_media":354995,"comment_status":"","ping_status":"","sticky":false,"template":"","format":"standard","meta":{"footnotes":""},"categories":[9635],"tags":[1111,11,1777,674,1011,27,775,1702,12,25],"class_list":{"0":"post-354994","1":"post","2":"type-post","3":"status-publish","4":"format-standard","5":"has-post-thumbnail","7":"category-nancy","8":"tag-actu","9":"tag-actualites","10":"tag-eu","11":"tag-europe","12":"tag-fr","13":"tag-france","14":"tag-grand-est","15":"tag-nancy","16":"tag-news","17":"tag-republique-francaise"},"share_on_mastodon":{"url":"https:\/\/pubeurope.com\/@fr\/115119276952304626","error":""},"_links":{"self":[{"href":"https:\/\/www.europesays.com\/fr\/wp-json\/wp\/v2\/posts\/354994","targetHints":{"allow":["GET"]}}],"collection":[{"href":"https:\/\/www.europesays.com\/fr\/wp-json\/wp\/v2\/posts"}],"about":[{"href":"https:\/\/www.europesays.com\/fr\/wp-json\/wp\/v2\/types\/post"}],"author":[{"embeddable":true,"href":"https:\/\/www.europesays.com\/fr\/wp-json\/wp\/v2\/users\/2"}],"replies":[{"embeddable":true,"href":"https:\/\/www.europesays.com\/fr\/wp-json\/wp\/v2\/comments?post=354994"}],"version-history":[{"count":0,"href":"https:\/\/www.europesays.com\/fr\/wp-json\/wp\/v2\/posts\/354994\/revisions"}],"wp:featuredmedia":[{"embeddable":true,"href":"https:\/\/www.europesays.com\/fr\/wp-json\/wp\/v2\/media\/354995"}],"wp:attachment":[{"href":"https:\/\/www.europesays.com\/fr\/wp-json\/wp\/v2\/media?parent=354994"}],"wp:term":[{"taxonomy":"category","embeddable":true,"href":"https:\/\/www.europesays.com\/fr\/wp-json\/wp\/v2\/categories?post=354994"},{"taxonomy":"post_tag","embeddable":true,"href":"https:\/\/www.europesays.com\/fr\/wp-json\/wp\/v2\/tags?post=354994"}],"curies":[{"name":"wp","href":"https:\/\/api.w.org\/{rel}","templated":true}]}}