{"id":354998,"date":"2025-08-30T19:11:15","date_gmt":"2025-08-30T19:11:15","guid":{"rendered":"https:\/\/www.europesays.com\/fr\/354998\/"},"modified":"2025-08-30T19:11:15","modified_gmt":"2025-08-30T19:11:15","slug":"venez-decouvrir-votre-nouvelle-passion-au-forum-des-associations","status":"publish","type":"post","link":"https:\/\/www.europesays.com\/fr\/354998\/","title":{"rendered":"Venez d\u00e9couvrir votre nouvelle passion au Forum des Associations"},"content":{"rendered":"<p>\t\t\t\t\t\t\t\tYoga, judo, capoeira\u2026<\/p>\n<p>Vous cherchez \u00e0 pimenter votre quotidien ? \u00c0 vous lancer dans une nouvelle aventure ou simplement \u00e0 rencontrer de nouvelles personnes ? Ne cherchez plus ! Le <b>dimanche 7 septembre 2025<\/b>, la ville de Castelnau-le-Lez vous invite \u00e0 son 28e <b>Forum des associations<\/b>, un \u00e9v\u00e9nement incontournable pour les habitants.<\/p>\n<p>Organisez tous vos loisirs en une demi-journ\u00e9e<\/p>\n<p>De <b>9h \u00e0 14h<\/b>, au Kiasma, sur les parvis attenants et dans la cour de l\u2019\u00e9cole Mario-Roustan, pr\u00e8s de <b>95 associations<\/b> vous attendent pour vous faire d\u00e9couvrir la richesse et la diversit\u00e9 du tissu associatif local. Que vous soyez amateur de <b>culture, de sport, de loisirs, ou d\u2019action sociale<\/b>, il y en aura pour tous les go\u00fbts. C\u2019est l\u2019occasion parfaite de trouver l\u2019activit\u00e9 qui fera vibrer votre ann\u00e9e.<\/p>\n<p>Le guide Castelnau Passion 2025\/2026 : votre passeport vers le monde associatif<\/p>\n<p>Pour vous aider \u00e0 faire votre choix, ne manquez pas de r\u00e9cup\u00e9rer sur place la nouvelle \u00e9dition du guide <b>Castelnau Passion 2025\/2026<\/b>. R\u00e9alis\u00e9e par la Direction de la Communication de la Ville, cette brochure est une v\u00e9ritable mine d\u2019informations. Sur <b>84 pages<\/b>, elle recense plus de <b>200 activit\u00e9s<\/b> propos\u00e9es par <b>96 associations<\/b>.<\/p>\n<p>Ce guide est bien plus qu\u2019une simple liste : c\u2019est une invitation \u00e0 explorer un monde associatif dynamique, qui contribue activement au dynamisme de la commune. Si vous ne pouvez pas vous rendre au forum, pas de panique ! Le guide est \u00e9galement disponible en ligne sur le site officiel de la ville, <b>www.castelnau-le-lez.fr<\/b>.<\/p>\n<p>Le Forum des associations est un rendez-vous unique pour organiser vos loisirs de l\u2019ann\u00e9e en une seule matin\u00e9e. Pr\u00e9parez-vous \u00e0 \u00eatre inspir\u00e9, \u00e0 rencontrer des passionn\u00e9s et, qui sait, \u00e0 d\u00e9couvrir votre prochaine passion !<\/p>\n<blockquote class=\"instagram-media\" style=\"background: #FFF; border: 0; border-radius: 3px; box-shadow: 0 0 1px 0 rgba(0,0,0,0.5),0 1px 10px 0 rgba(0,0,0,0.15); margin: 1px; max-width: 540px; min-width: 326px; padding: 0; width: calc(100% - 2px);\" data-instgrm-captioned=\"\" data-instgrm-permalink=\"https:\/\/www.instagram.com\/p\/DNk8sugtLDP\/?utm_source=ig_embed&amp;utm_campaign=loading\" data-instgrm-version=\"14\">\n<\/blockquote>\n<p>\t\t\t\t\t\t\t\t\t\t\t\t\t\t\t<script async src=\"\/\/www.instagram.com\/embed.js\"><\/script><\/p>\n","protected":false},"excerpt":{"rendered":"Yoga, judo, capoeira\u2026 Vous cherchez \u00e0 pimenter votre quotidien ? \u00c0 vous lancer dans une nouvelle aventure ou&hellip;\n","protected":false},"author":2,"featured_media":354999,"comment_status":"","ping_status":"","sticky":false,"template":"","format":"standard","meta":{"footnotes":""},"categories":[9599],"tags":[1111,11,1777,674,1011,27,2208,12,2680,25],"class_list":{"0":"post-354998","1":"post","2":"type-post","3":"status-publish","4":"format-standard","5":"has-post-thumbnail","7":"category-montpellier","8":"tag-actu","9":"tag-actualites","10":"tag-eu","11":"tag-europe","12":"tag-fr","13":"tag-france","14":"tag-montpellier","15":"tag-news","16":"tag-occitanie","17":"tag-republique-francaise"},"share_on_mastodon":{"url":"https:\/\/pubeurope.com\/@fr\/115119304437371298","error":""},"_links":{"self":[{"href":"https:\/\/www.europesays.com\/fr\/wp-json\/wp\/v2\/posts\/354998","targetHints":{"allow":["GET"]}}],"collection":[{"href":"https:\/\/www.europesays.com\/fr\/wp-json\/wp\/v2\/posts"}],"about":[{"href":"https:\/\/www.europesays.com\/fr\/wp-json\/wp\/v2\/types\/post"}],"author":[{"embeddable":true,"href":"https:\/\/www.europesays.com\/fr\/wp-json\/wp\/v2\/users\/2"}],"replies":[{"embeddable":true,"href":"https:\/\/www.europesays.com\/fr\/wp-json\/wp\/v2\/comments?post=354998"}],"version-history":[{"count":0,"href":"https:\/\/www.europesays.com\/fr\/wp-json\/wp\/v2\/posts\/354998\/revisions"}],"wp:featuredmedia":[{"embeddable":true,"href":"https:\/\/www.europesays.com\/fr\/wp-json\/wp\/v2\/media\/354999"}],"wp:attachment":[{"href":"https:\/\/www.europesays.com\/fr\/wp-json\/wp\/v2\/media?parent=354998"}],"wp:term":[{"taxonomy":"category","embeddable":true,"href":"https:\/\/www.europesays.com\/fr\/wp-json\/wp\/v2\/categories?post=354998"},{"taxonomy":"post_tag","embeddable":true,"href":"https:\/\/www.europesays.com\/fr\/wp-json\/wp\/v2\/tags?post=354998"}],"curies":[{"name":"wp","href":"https:\/\/api.w.org\/{rel}","templated":true}]}}