{"id":355004,"date":"2025-08-30T19:14:13","date_gmt":"2025-08-30T19:14:13","guid":{"rendered":"https:\/\/www.europesays.com\/fr\/355004\/"},"modified":"2025-08-30T19:14:13","modified_gmt":"2025-08-30T19:14:13","slug":"on-a-embarque-avec-le-skipper-originaire-de-dieppe-yvon-larnicol-pour-remonter-la-seine-jusqua-rouen","status":"publish","type":"post","link":"https:\/\/www.europesays.com\/fr\/355004\/","title":{"rendered":"on a embarqu\u00e9 avec le skipper originaire de Dieppe Yvon Larnicol pour remonter la Seine jusqu&rsquo;\u00e0 Rouen"},"content":{"rendered":"<p class=\"article__intro\">Ce samedi 30 ao\u00fbt 2025, la flotte de la mythique course de voiliers est partie du Havre, direction Rouen. Une \u00e9quipe de France 3 Normandie a pu voyager \u00e0 bord du monocoque Figaro 3 d&rsquo;Yvon Larnicol.<\/p>\n<p>\n      L\u2019actu des r\u00e9gions\n    <\/p>\n<p>\n      Chaque jour, un tour d\u2019horizon des principales infos de toutes les r\u00e9gions.\n    <\/p>\n<p>    France T\u00e9l\u00e9visions utilise votre adresse e-mail afin de vous envoyer la newsletter \u00ab\u00a0L\u2019actu des r\u00e9gions\u00a0\u00bb. Vous pouvez vous d\u00e9sinscrire \u00e0 tout moment via le lien en bas de cette newsletter. <a target=\"_blank\" href=\"https:\/\/www.francetelevisions.fr\/groupe\/confidentialite\/politique-de-confidentialite\/politique-de-confidentialite-de-france-televisions-6503\" rel=\"nofollow noopener\">Notre politique de confidentialit\u00e9<\/a><\/p>\n<p>C&rsquo;est sa toute premi\u00e8re participation \u00e0 la <a href=\"https:\/\/www.lasolitaire.com\/\" target=\"_blank\" rel=\"noopener noreferrer nofollow\" data-tooltip-url=\"https:\/\/www.lasolitaire.com\/\">Solitaire du Figaro Paprec<\/a>. Yvon Larnicol, 26 ans, qui s&rsquo;entra\u00eene \u00e0 la Trinit\u00e9-sur-Mer (Morbihan) a accept\u00e9 de nous emmener \u00e0 bord de son bateau.<\/p>\n<p>Le rendez-vous a \u00e9t\u00e9 pris \u00e0 9 heures au Havre. A bord du bateau, Yvon et sa m\u00e8re Agn\u00e8s. L&rsquo;objectif de cette remont\u00e9e de la Seine : regagner Rouen et le village du grand d\u00e9part.<\/p>\n<p><a data-article-figure=\"\" href=\"https:\/\/france3-regions.franceinfo.fr\/image\/pdNP_CIJAqJjj7CBbg4lI_p-LbY\/1600x1200\/regions\/2025\/08\/30\/whatsapp-image-2025-08-30-at-12-23-19-1-68b32fd962f93566707732.jpg\" data-pswp-width=\"1600\" data-pswp-height=\"1200\" target=\"_blank\" rel=\"nofollow noopener\"><\/p>\n<p>          <img width=\"600\" height=\"400\" class=\"article-image lazy\" data-src=\"https:\/\/www.europesays.com\/fr\/wp-content\/uploads\/2025\/08\/whatsapp-image-2025-08-30-at-12-23-19-1-68b32fd962f93566707732.jpg\" alt=\"Yvon Larnicol avant le d\u00e9part du Havre pour la remont\u00e9e de la Seine\" fetchpriority=\"high\" as=\"image\"\/><\/p>\n<p>\n            Yvon Larnicol avant le d\u00e9part du Havre pour la remont\u00e9e de la Seine<br \/>\n                           \u2022<br \/>\n                                      \u00a9 FTV \/ St\u00e9phane L&rsquo;H\u00f4te\n                      <\/p>\n<p><\/a><\/p>\n<p>Vers 10 heures, le bateau quitte le port du Havre. L&rsquo;avanc\u00e9e est douce. Entour\u00e9e des autres skippers, Yvon Larnicol et sa m\u00e8re profitent des paysages. <\/p>\n<p>Arriv\u00e9 au pont de Normandie, le fils et la m\u00e8re nous livrent leurs premi\u00e8res impressions. \u00ab\u00a0C&rsquo;est la premi\u00e8re fois que je passe sous le pont . En compagnie de mon fils ,c&rsquo;est tr\u00e8s fort. Le temps est superbe. On navigue un peu \u00e0 la voile. Ca s&rsquo;annonce bien\u00a0\u00bb explique Agn\u00e8s Larnicol.<\/p>\n<p>\u00ab\u00a0Ca se concr\u00e9tise pour lui et je suis ravie\u00a0\u00bb confie-t-elle. \u00ab\u00a0Ce sont des projets tr\u00e8s difficiles \u00e0 monter. Jusque l\u00e0 il \u00e9tait pr\u00e9parateur . Cette fois, il va y aller en trant que navigateur. Toute la famille est tr\u00e8s contente pour lui. Cette course va aussi lui permettre de beaucoup apprendre\u00a0\u00bb.<\/p>\n<p><a data-article-figure=\"\" href=\"https:\/\/france3-regions.franceinfo.fr\/image\/8yBhDHLdYWdCWQWYaPI3o7aFJjo\/1600x1200\/regions\/2025\/08\/30\/whatsapp-image-2025-08-30-at-12-23-20-2-68b3301a0657c986474872.jpg\" data-pswp-width=\"1600\" data-pswp-height=\"1200\" target=\"_blank\" rel=\"nofollow noopener\"><\/p>\n<p>          <img width=\"600\" height=\"400\" class=\"article-image lazy\" data-src=\"https:\/\/www.europesays.com\/fr\/wp-content\/uploads\/2025\/08\/whatsapp-image-2025-08-30-at-12-23-20-2-68b3301a0657c986474872.jpg\" alt=\"A l'approche du pont de Normandie\" fetchpriority=\"high\" as=\"image\"\/><\/p>\n<p>\n            A l&rsquo;approche du pont de Normandie<br \/>\n                           \u2022<br \/>\n                                      \u00a9 FTV \/ St\u00e9phane L&rsquo;H\u00f4te\n                      <\/p>\n<p><\/a><\/p>\n<p>La Solitaire, Yvon Larnicol en r\u00eave depuis toujours. Lui qui fait de la voile depuis son plus jeune \u00e2ge. \u00ab\u00a0L\u00e0 je suis d\u00e9tendu. Mais je pense que la pression va monter au fil de la semaine et des briefings s\u00e9curit\u00e9\u00a0\u00bb sourit Yvon Larnicol. \u00ab\u00a0Mais j&rsquo;ai h\u00e2te d&rsquo;y \u00eatre\u00a0\u00bb.<\/p>\n<p>Voyez le reportage complet de Madeleine Le Page et St\u00e9phane L&rsquo;H\u00f4te<\/p>\n<p>    dur\u00e9e de la vid\u00e9o : 00h01mn51s<\/p>\n<p>        <img decoding=\"async\" width=\"640\" height=\"426\" class=\"article-image not-lazy\" src=\"https:\/\/www.europesays.com\/fr\/wp-content\/uploads\/2025\/08\/55db460c-70d4-4ec6-9a60-7daefeb365fc.jpg\" alt=\"\" fetchpriority=\"high\"\/><\/p>\n<p>              Voir la video\u00a0(1 minutes 51 secondes).\u00a0<br \/>\n                  1 min 51 s<\/p>\n<p>\n          Madeleine Le Page et St\u00e9phane L&rsquo;H\u00f4te ont pu embarquer au Havre pour une remont\u00e9e de la Seine \u00e0 bord du monocoque d&rsquo;Yvon Larnicol.<br \/>\nAvec les interviews d&rsquo;Agn\u00e8s Larnicol, la m\u00e8re d&rsquo;Yvon Larnicol, skipper pour la Solitaire du Figaro Paprec<\/p>\n<p>        \u2022<\/p>\n<p>              \u00a9FTV \/ Madeleine Le Page \/ St\u00e9phane L&rsquo;H\u00f4te\n      <\/p>\n<p>Cette course est connue des skippers pour \u00eatre exigeante. \u00ab\u00a0La plus grande \u00e9tape est longue de pr\u00e8s de 1200 kilom\u00e8tres. Ca repr\u00e9sente trois \u00e0 quatre jours et nuits de mer en fonction des conditions. Le plus dur sera le sommeil. J&rsquo;ai fait une seule fois une course aussi longue. Je vais devoir trouver mon rythme : quand dormir, bien s&rsquo;alimenter bien s&rsquo;hydrater pour rester lucide quand il y aura des d\u00e9cisions \u00e0 prendre. Ce sont tous ces facteurs-l\u00e0 qui font que ceux qui ont davantage d&rsquo;exp\u00e9rience que moi peuvent mieux r\u00e9ussir. Moi, je vais devoir me concentrer pour esp\u00e9rer bien figurer sur les \u00e9tapes.\u00a0\u00bb<\/p>\n<p><a data-article-figure=\"\" href=\"https:\/\/france3-regions.franceinfo.fr\/image\/18Vp3Gp6K6TJzDNJYY-fUkvkHTI\/1600x1200\/regions\/2025\/08\/30\/whatsapp-image-2025-08-30-at-10-46-38-1-68b330434eb19958923192.jpg\" data-pswp-width=\"1600\" data-pswp-height=\"1200\" target=\"_blank\" rel=\"nofollow noopener\"><\/p>\n<p>          <img width=\"600\" height=\"400\" class=\"article-image lazy\" data-src=\"https:\/\/www.europesays.com\/fr\/wp-content\/uploads\/2025\/08\/whatsapp-image-2025-08-30-at-10-46-38-1-68b330434eb19958923192.jpg\" alt=\"Yvon Larnicol \u00e0 bord de son monocoque Figaro 3\" fetchpriority=\"high\" as=\"image\"\/><\/p>\n<p>\n            Yvon Larnicol \u00e0 bord de son monocoque Figaro 3<br \/>\n                           \u2022<br \/>\n                                      \u00a9 FTV \/ St\u00e9phane L&rsquo;H\u00f4te\n                      <\/p>\n<p><\/a><\/p>\n<p>Originaire de Dieppe, ville qu&rsquo;il a quitt\u00e9e \u00e0 l&rsquo;\u00e2ge de six ans, Yvon Larnicol s&rsquo;entra\u00eene d\u00e9sormais en Bretagne. Pour se pr\u00e9parer \u00e0 la Solitaire du Figaro Paprec, il a particip\u00e9 \u00e0 deux courses cette saison : la Solo Ma\u00eetre Coq et la Fig&rsquo;Armor \u00e0 Lorient.<\/p>\n<p>\u00ab\u00a0La Solitaire Figaro Paprec est une des courses au large la plus difficile \u00e0 gagner. C&rsquo;est tr\u00e8s court et tr\u00e8s intense. Les \u00e9carts au classement son infimes. Les moindres r\u00e9glages, un mauvais choix de voile, les 5 minutes de sommeil en trop sont d\u00e9cisives\u00a0\u00bb poursuit l&rsquo;un des bizuths de cette \u00e9dition.<\/p>\n<p>D&rsquo;ici au grand d\u00e9part, Yvon Larnicol et les 33 skippers de la Solitaire resteront amarr\u00e9s \u00e0 Rouen jusqu&rsquo;\u00e0 vendredi  avant de rejoindre Le Havre pour la premi\u00e8re \u00e9tape. <\/p>\n","protected":false},"excerpt":{"rendered":"Ce samedi 30 ao\u00fbt 2025, la flotte de la mythique course de voiliers est partie du Havre, direction&hellip;\n","protected":false},"author":2,"featured_media":355005,"comment_status":"","ping_status":"","sticky":false,"template":"","format":"standard","meta":{"footnotes":""},"categories":[9587],"tags":[1111,11,1777,674,1011,27,12,5161,25,9590],"class_list":{"0":"post-355004","1":"post","2":"type-post","3":"status-publish","4":"format-standard","5":"has-post-thumbnail","7":"category-rouen","8":"tag-actu","9":"tag-actualites","10":"tag-eu","11":"tag-europe","12":"tag-fr","13":"tag-france","14":"tag-news","15":"tag-normandie","16":"tag-republique-francaise","17":"tag-rouen"},"share_on_mastodon":{"url":"https:\/\/pubeurope.com\/@fr\/115119316271273757","error":""},"_links":{"self":[{"href":"https:\/\/www.europesays.com\/fr\/wp-json\/wp\/v2\/posts\/355004","targetHints":{"allow":["GET"]}}],"collection":[{"href":"https:\/\/www.europesays.com\/fr\/wp-json\/wp\/v2\/posts"}],"about":[{"href":"https:\/\/www.europesays.com\/fr\/wp-json\/wp\/v2\/types\/post"}],"author":[{"embeddable":true,"href":"https:\/\/www.europesays.com\/fr\/wp-json\/wp\/v2\/users\/2"}],"replies":[{"embeddable":true,"href":"https:\/\/www.europesays.com\/fr\/wp-json\/wp\/v2\/comments?post=355004"}],"version-history":[{"count":0,"href":"https:\/\/www.europesays.com\/fr\/wp-json\/wp\/v2\/posts\/355004\/revisions"}],"wp:featuredmedia":[{"embeddable":true,"href":"https:\/\/www.europesays.com\/fr\/wp-json\/wp\/v2\/media\/355005"}],"wp:attachment":[{"href":"https:\/\/www.europesays.com\/fr\/wp-json\/wp\/v2\/media?parent=355004"}],"wp:term":[{"taxonomy":"category","embeddable":true,"href":"https:\/\/www.europesays.com\/fr\/wp-json\/wp\/v2\/categories?post=355004"},{"taxonomy":"post_tag","embeddable":true,"href":"https:\/\/www.europesays.com\/fr\/wp-json\/wp\/v2\/tags?post=355004"}],"curies":[{"name":"wp","href":"https:\/\/api.w.org\/{rel}","templated":true}]}}