{"id":355008,"date":"2025-08-30T19:16:24","date_gmt":"2025-08-30T19:16:24","guid":{"rendered":"https:\/\/www.europesays.com\/fr\/355008\/"},"modified":"2025-08-30T19:16:24","modified_gmt":"2025-08-30T19:16:24","slug":"asse-grenoble-en-direct","status":"publish","type":"post","link":"https:\/\/www.europesays.com\/fr\/355008\/","title":{"rendered":"ASSE-Grenoble en direct"},"content":{"rendered":"<p><strong>L\u2019AS Saint-Etienne accueille<br \/>\nGrenoble ce samedi pour le compte de la 3e journ\u00e9e de Ligue 1. Un<br \/>\nmatch \u00e0 suivre sur notre site notamment.<\/strong><\/p>\n<p>ASSE-Grenoble, les compos au coup d\u2019envoi<\/p>\n<p><strong>Le onze st\u00e9phanois:<\/strong> Larsonneur \u2013 Ferreira,<br \/>\nLamba, Nad\u00e9, Bernauer \u2013 Moueffek, Jaber, Tardieu \u2013 Cardona, Duffus,<br \/>\nDavitashvili.<\/p>\n<p><strong>Le onze grenoblois:<\/strong> Diop \u2013 Delos, Paquiez,<br \/>\nMouyokolo, Mambo, Xantippe \u2013 Diba, Benet \u2013 Valls \u2013 Elphege,<br \/>\nZahui.<\/p>\n<p>ASSE-Grenoble, sur quelle cha\u00eene voir le match<\/p>\n<p>Le coup d\u2019envoi de ce match de la 3e journ\u00e9e de Ligue 1 entre<br \/>\nSaint-Etienne et Grenoble est programm\u00e9 ce samedi 30 ao\u00fbt \u00e0 21h05.<br \/>\nLa rencontre se joue au stade Geoffroy-Guichard (42 000 places),<br \/>\narbitr\u00e9e par M. Benchabane.<\/p>\n<p>Cette saison, le championnat de France de Ligue 2 est \u00e0 voir en<br \/>\ndirect et en exclusivit\u00e9 sur beIN Sports. A suivre par ailleurs en<br \/>\nlive comment\u00e9 sur notre site.<\/p>\n<p>Match en direct<\/p>\n<ul class=\"list-inline text-center live-match-info\">\n<li class=\"live-match-info-item\">DATE :<br \/>\n30\/08\/2025<\/li>\n<li class=\"live-match-info-item\">Horaires : 20h00<\/li>\n<li class=\"live-match-info-item\">STADE : Stade<br \/>\nGeoffroy-Guichard<\/li>\n<li class=\"live-match-info-item\">ARBITRE :<br \/>\nF.Benchabane<\/li>\n<\/ul>\n<p><img decoding=\"async\" class=\"equipe-logo lazy-load align-middle m-b-10\" src=\"https:\/\/www.europesays.com\/fr\/wp-content\/uploads\/2025\/08\/901.png\" alt=\"St \u00c9tienne\"\/><\/p>\n<p>St \u00c9tienne<\/p>\n<p><img decoding=\"async\" class=\"equipe-logo lazy-load align-middle m-b-10\" src=\"https:\/\/www.europesays.com\/fr\/wp-content\/uploads\/2025\/08\/917.png\" alt=\"Grenoble\"\/><\/p>\n<p>Grenoble<\/p>\n<p>Effectifs<\/p>\n<p><img decoding=\"async\" class=\"equipe-logo lazy-load align-middle m-b-10\" src=\"https:\/\/www.europesays.com\/fr\/wp-content\/uploads\/2025\/08\/901.png\" alt=\"St \u00c9tienne\"\/><\/p>\n<p>\nFormation<br \/>4 3 3<\/p>\n<p>\nFormation<br \/>5 3 2<\/p>\n<p><img decoding=\"async\" class=\"equipe-logo lazy-load align-middle m-b-10\" src=\"https:\/\/www.europesays.com\/fr\/wp-content\/uploads\/2025\/08\/917.png\" alt=\"Grenoble\"\/><\/p>\n<ul class=\"list-unstyled live-match-effectifs-info\">\n<li>\n<p>FORMATION<\/p>\n<p>4 3 3<\/p>\n<\/li>\n<li>\n<p>ENTRAINEUR<\/p>\n<\/li>\n<li>\n<p>EFFECTIFS<\/p>\n<p>G. Larsonneur<\/p>\n<p>M. Bernauer<\/p>\n<p>M. Nad\u00e9<\/p>\n<p>J. Fonseca<br \/>\nFerreira<\/p>\n<p>L.<br \/>\nGadegbeku<\/p>\n<p>F. Tardieu<\/p>\n<p>J. Leslie<br \/>\nDuffus<\/p>\n<p>Z.<br \/>\nDavitashvili<\/p>\n<p>N. El<br \/>\nJamali<\/p>\n<p>I. Cardona<\/p>\n<p>E. Annan<\/p>\n<p>C. Faria Camar\u00e1<br \/>\nLamba<\/p>\n<\/li>\n<li>\n<p>Rempla\u00e7ants<\/p>\n<p>B. Maubleu<\/p>\n<p>L. Traor\u00e9<\/p>\n<p>M.<br \/>\nJaber<\/p>\n<p>S. Stojkovi\u0107<\/p>\n<p>A.<br \/>\nMoueffek<\/p>\n<p>A. Boakye<\/p>\n<p>L. Stassin<\/p>\n<\/li>\n<\/ul>\n<ul class=\"list-unstyled live-match-effectifs-info\">\n<li>\n<p>FORMATION<\/p>\n<p>5 3 2<\/p>\n<\/li>\n<li>\n<p>ENTRAINEUR<\/p>\n<\/li>\n<li>\n<p>EFFECTIFS<\/p>\n<p>L. Mouyokolo<\/p>\n<p>S.<br \/>\nDelos<\/p>\n<p>G. Paquiez<\/p>\n<p>M.<br \/>\nDiop<\/p>\n<p>S.<br \/>\nMuzalimoja Mambo<\/p>\n<p>M.<br \/>\nBangr\u00e9<\/p>\n<p>M.<br \/>\nXantippe<\/p>\n<p>S.<br \/>\nL\u00e9l\u00e9 Diba<\/p>\n<p>T.<br \/>\nValls<\/p>\n<p>N.<br \/>\nZahui<\/p>\n<p>N.<br \/>\nElphege<\/p>\n<\/li>\n<li>\n<p>Rempla\u00e7ants<\/p>\n<p>B.<br \/>\nAllain<\/p>\n<p>A.<br \/>\nMedroub<\/p>\n<p>M.<br \/>\nMion<\/p>\n<p>E.<br \/>\nSar\u0131kaya<\/p>\n<p>B.<br \/>\nMouazan<\/p>\n<p>J.<br \/>\nBenet<\/p>\n<p>Y.<br \/>\nDiaby<\/p>\n<\/li>\n<\/ul>\n<p>54&rsquo;45&rsquo;45&rsquo;45&rsquo;45&rsquo;45&rsquo;45&rsquo;46&rsquo;37&rsquo;5&prime; 57&prime;<\/p>\n","protected":false},"excerpt":{"rendered":"L\u2019AS Saint-Etienne accueille Grenoble ce samedi pour le compte de la 3e journ\u00e9e de Ligue 1. Un match&hellip;\n","protected":false},"author":2,"featured_media":355009,"comment_status":"","ping_status":"","sticky":false,"template":"","format":"standard","meta":{"footnotes":""},"categories":[9566],"tags":[1111,11,2430,1777,674,1011,27,2731,12,25],"class_list":{"0":"post-355008","1":"post","2":"type-post","3":"status-publish","4":"format-standard","5":"has-post-thumbnail","7":"category-grenoble","8":"tag-actu","9":"tag-actualites","10":"tag-auvergne-rhone-alpes","11":"tag-eu","12":"tag-europe","13":"tag-fr","14":"tag-france","15":"tag-grenoble","16":"tag-news","17":"tag-republique-francaise"},"share_on_mastodon":{"url":"https:\/\/pubeurope.com\/@fr\/115119324200863452","error":""},"_links":{"self":[{"href":"https:\/\/www.europesays.com\/fr\/wp-json\/wp\/v2\/posts\/355008","targetHints":{"allow":["GET"]}}],"collection":[{"href":"https:\/\/www.europesays.com\/fr\/wp-json\/wp\/v2\/posts"}],"about":[{"href":"https:\/\/www.europesays.com\/fr\/wp-json\/wp\/v2\/types\/post"}],"author":[{"embeddable":true,"href":"https:\/\/www.europesays.com\/fr\/wp-json\/wp\/v2\/users\/2"}],"replies":[{"embeddable":true,"href":"https:\/\/www.europesays.com\/fr\/wp-json\/wp\/v2\/comments?post=355008"}],"version-history":[{"count":0,"href":"https:\/\/www.europesays.com\/fr\/wp-json\/wp\/v2\/posts\/355008\/revisions"}],"wp:featuredmedia":[{"embeddable":true,"href":"https:\/\/www.europesays.com\/fr\/wp-json\/wp\/v2\/media\/355009"}],"wp:attachment":[{"href":"https:\/\/www.europesays.com\/fr\/wp-json\/wp\/v2\/media?parent=355008"}],"wp:term":[{"taxonomy":"category","embeddable":true,"href":"https:\/\/www.europesays.com\/fr\/wp-json\/wp\/v2\/categories?post=355008"},{"taxonomy":"post_tag","embeddable":true,"href":"https:\/\/www.europesays.com\/fr\/wp-json\/wp\/v2\/tags?post=355008"}],"curies":[{"name":"wp","href":"https:\/\/api.w.org\/{rel}","templated":true}]}}