{"id":355021,"date":"2025-08-30T19:29:14","date_gmt":"2025-08-30T19:29:14","guid":{"rendered":"https:\/\/www.europesays.com\/fr\/355021\/"},"modified":"2025-08-30T19:29:14","modified_gmt":"2025-08-30T19:29:14","slug":"nantes-lance-sa-saison-contre-auxerre","status":"publish","type":"post","link":"https:\/\/www.europesays.com\/fr\/355021\/","title":{"rendered":"Nantes lance sa saison contre Auxerre"},"content":{"rendered":"<p class=\"date\">\n                                                            R\u00e9daction Media365, publi\u00e9 le samedi 30 ao\u00fbt 2025 \u00e0 21h08\n                                                    <\/p>\n<p>En dominant Auxerre sur la plus courte des marges (1-0), Nantes a glan\u00e9 sa premi\u00e8re victoire de la saison en Ligue 1. Mostafa Mohamed est l&rsquo;unique buteur de la rencontre.<\/p>\n<p>Apr\u00e8s deux d\u00e9faites lors de ses deux premiers matches de la saison, Nantes retrouvait, ce samedi, dans le cadre de la 3e journ\u00e9e de Ligue 1, ses supporteurs, \u00e0 l&rsquo;occasion de la r\u00e9ception d&rsquo;Auxerre. Une semaine apr\u00e8s sa d\u00e9faite sur la pelouse de Strasbourg (0-1), Nantes \u00e9tait de retour \u00e0 la Beaujoire, deux semaines apr\u00e8s sa d\u00e9faite inaugurale face au PSG (0-1). De son c\u00f4t\u00e9, Auxerre, qui avait bien d\u00e9but\u00e9 la saison apr\u00e8s un succ\u00e8s sur sa pelouse face \u00e0 Lorent (1-0), se d\u00e9pla\u00e7ait pour la deuxi\u00e8me fois de suite, une semaine apr\u00e8s son revers \u00e0 Nice (1-3).<\/p>\n<p>Malgr\u00e9 une belle ambiance dans les tribunes de la Beaujoire, Auxerre a allum\u00e9 la premi\u00e8re m\u00e8che de la rencontre avec une frappe cadr\u00e9e d&rsquo;Osman d\u00e8s la 5e minute de jeu repouss\u00e9e par Lopes, l&rsquo;ancien portier de l&rsquo;Olympique lyonnais. Une action auxerroise qui sonnera la r\u00e9volte nantaise puisque trois minutes plus tard, Mohamed a profit\u00e9 des largesses de la d\u00e9fense nantaise pour se pr\u00e9senter seul devant De Percin et tromper le portier de l&rsquo;AJA d&rsquo;une balle piqu\u00e9e du droit (1-0, 8e).<\/p>\n<p>Une seconde p\u00e9riode sans saveur<\/p>\n<p>En t\u00eate \u00e0 la pause, Nantes a pu tranquillement g\u00e9rer son avance au tableau d&rsquo;affichage durant le second acte, sans rythme et sans saveur. Les Auxerrois ont bien tent\u00e9 de se montrer dangereux notamment par l&rsquo;interm\u00e9diaire de Namaso (59e) qui a vu sa frappe repouss\u00e9e par Lopes puis par Sinayoko qui a manqu\u00e9 le cadre aux vingt m\u00e8tres. Nantes, peu inqui\u00e9t\u00e9 durant le second acte ne s&rsquo;est absolument pas montr\u00e9 dangereux et a plut\u00f4t cherch\u00e9 \u00e0 conserver son petit but d&rsquo;avance au tableau d&rsquo;affichage.<\/p>\n<p>Gr\u00e2ce \u00e0 sa premi\u00e8re victoire de la saison, Nantes double son adversaire et grimpe \u00e0 la 11e place juste devant Auxerre qui encha\u00eene avec un deuxi\u00e8me revers de suite en Ligue 1.<\/p>\n","protected":false},"excerpt":{"rendered":"R\u00e9daction Media365, publi\u00e9 le samedi 30 ao\u00fbt 2025 \u00e0 21h08 En dominant Auxerre sur la plus courte des&hellip;\n","protected":false},"author":2,"featured_media":355022,"comment_status":"","ping_status":"","sticky":false,"template":"","format":"standard","meta":{"footnotes":""},"categories":[2818],"tags":[1111,11,1777,674,1011,27,766,12,2636,25],"class_list":{"0":"post-355021","1":"post","2":"type-post","3":"status-publish","4":"format-standard","5":"has-post-thumbnail","7":"category-nantes","8":"tag-actu","9":"tag-actualites","10":"tag-eu","11":"tag-europe","12":"tag-fr","13":"tag-france","14":"tag-nantes","15":"tag-news","16":"tag-pays-de-la-loire","17":"tag-republique-francaise"},"share_on_mastodon":{"url":"https:\/\/pubeurope.com\/@fr\/115119375243742969","error":""},"_links":{"self":[{"href":"https:\/\/www.europesays.com\/fr\/wp-json\/wp\/v2\/posts\/355021","targetHints":{"allow":["GET"]}}],"collection":[{"href":"https:\/\/www.europesays.com\/fr\/wp-json\/wp\/v2\/posts"}],"about":[{"href":"https:\/\/www.europesays.com\/fr\/wp-json\/wp\/v2\/types\/post"}],"author":[{"embeddable":true,"href":"https:\/\/www.europesays.com\/fr\/wp-json\/wp\/v2\/users\/2"}],"replies":[{"embeddable":true,"href":"https:\/\/www.europesays.com\/fr\/wp-json\/wp\/v2\/comments?post=355021"}],"version-history":[{"count":0,"href":"https:\/\/www.europesays.com\/fr\/wp-json\/wp\/v2\/posts\/355021\/revisions"}],"wp:featuredmedia":[{"embeddable":true,"href":"https:\/\/www.europesays.com\/fr\/wp-json\/wp\/v2\/media\/355022"}],"wp:attachment":[{"href":"https:\/\/www.europesays.com\/fr\/wp-json\/wp\/v2\/media?parent=355021"}],"wp:term":[{"taxonomy":"category","embeddable":true,"href":"https:\/\/www.europesays.com\/fr\/wp-json\/wp\/v2\/categories?post=355021"},{"taxonomy":"post_tag","embeddable":true,"href":"https:\/\/www.europesays.com\/fr\/wp-json\/wp\/v2\/tags?post=355021"}],"curies":[{"name":"wp","href":"https:\/\/api.w.org\/{rel}","templated":true}]}}