{"id":355023,"date":"2025-08-30T19:30:11","date_gmt":"2025-08-30T19:30:11","guid":{"rendered":"https:\/\/www.europesays.com\/fr\/355023\/"},"modified":"2025-08-30T19:30:11","modified_gmt":"2025-08-30T19:30:11","slug":"pres-de-bordeaux-les-riverains-perdent-la-guerre-contre-limplantation-de-cette-antenne-relais","status":"publish","type":"post","link":"https:\/\/www.europesays.com\/fr\/355023\/","title":{"rendered":"Pr\u00e8s de Bordeaux, les riverains perdent la guerre contre l&rsquo;implantation de cette antenne-relais"},"content":{"rendered":"<p>            Par<br \/>\n        <strong><br \/>\n            <a href=\"https:\/\/actu.fr\/auteur\/redaction-bordeaux\" title=\"Consulter tous les articles de R\u00e9daction Bordeaux\" target=\"_blank\" rel=\"noopener\">R\u00e9daction Bordeaux<\/a><br \/>\n        <\/strong><\/p>\n<p>        Publi\u00e9 le<\/p>\n<p>            30 ao\u00fbt 2025 \u00e0 17h32        <\/p>\n<p>Le tribunal administratif de Bordeaux a rejet\u00e9 le recours qui avait \u00e9t\u00e9 d\u00e9pos\u00e9 en septembre 2022 par deux habitants de <a href=\"https:\/\/actu.fr\/nouvelle-aquitaine\/bruges_33075\" target=\"_blank\" rel=\"noopener\">Bruges (Gironde)<\/a> contre <strong>l\u2019installation d\u2019une antenne-relais<\/strong> rue Pierre et Marie Curie, \u00e0 proximit\u00e9 du groupe scolaire Arc-en-Ciel.<\/p>\n<p class=\" wall-content\">\u00ab\u00a0Aucun \u00e9l\u00e9ment n\u2019appara\u00eet de nature \u00e0 \u00e9tablir l\u2019existence, en l\u2019\u00e9tat des connaissances scientifiques, pour les <strong>\u00e9tablissements destin\u00e9s \u00e0 accueillir un jeune public,<\/strong> d\u2019un risque pouvant r\u00e9sulter de leur exposition aux champs \u00e9lectromagn\u00e9tiques\u00a0\u00bb, consid\u00e8re-t-il dans une d\u00e9cision en date du 18 juin 2025 qui vient d\u2019\u00eatre rendue publique.<\/p>\n<p>Des risques incendie ?\u00a0<\/p>\n<p class=\" wall-content\">Le Plan d\u2019am\u00e9nagement et de d\u00e9veloppement durable (PADD) de <a href=\"https:\/\/actu.fr\/tag\/bordeaux-metropole\" target=\"_blank\" rel=\"noopener\">Bordeaux M\u00e9tropole<\/a> \u00ab\u00a0pr\u00e9voit aussi de <strong>r\u00e9sorber les insuffisances du maillage num\u00e9rique<\/strong> et de d\u00e9velopper une offre ambitieuse en mati\u00e8re de tr\u00e8s haut d\u00e9bit\u00a0\u00bb, rappelle le tribunal, alors que les requ\u00e9rants avaient surtout retenu que le PADD appelle \u00e0 \u00ab\u00a0prendre en compte les risques technologiques\u00a0\u00bb.<\/p>\n<p class=\" wall-content\">Les int\u00e9ress\u00e9s estimaient aussi que la \u00ab\u00a0non-opposition\u00a0\u00bb de la maire (divers gauche) de Bruges Brigitte Terraza \u00e0 la d\u00e9claration pr\u00e9alable de travaux d\u00e9pos\u00e9e par Cellnex \u2013 un sous-traitant espagnol des op\u00e9rateurs de t\u00e9l\u00e9phonie mobile, li\u00e9 \u00e0 Bouygues T\u00e9l\u00e9com \u2013\u00a0 \u00e9tait de nature \u00e0 <strong>\u00ab\u00a0engendrer un risque d\u2019incendie\u00a0\u00bb.<\/strong> \u00ab\u00a0Son acc\u00e8s n\u2019est pas adapt\u00e9 \u00e0 l\u2019intervention des services de lutte contre <a href=\"https:\/\/actu.fr\/tag\/incendie\" target=\"_blank\" rel=\"noopener\">l\u2019incendie\u00a0\u00bb,<\/a> soutenaient-ils dans cette requ\u00eate destin\u00e9e \u00e0 faire obstacle \u00e0 cette \u00ab\u00a0pollution visuelle\u00a0\u00bb contraire au \u00ab\u00a0principe de pr\u00e9caution\u00a0\u00bb en mati\u00e8re de sant\u00e9.<\/p>\n<p>Une \u00ab\u00a0tr\u00e8s grande h\u00e9t\u00e9rog\u00e9n\u00e9it\u00e9\u00a0\u00bb urbanistique<\/p>\n<p class=\" wall-content\">\u00ab\u00a0La rue Pierre et Marie Curie pr\u00e9sente <strong>une largeur et une configuration adapt\u00e9es<\/strong> pour la circulation des engins de lutte contre l\u2019incendie\u00a0\u00bb, r\u00e9pondent sur ce point les juges bordelais.<\/p>\n<p class=\" wall-content\">\u00ab\u00a0Quand bien m\u00eame l\u2019antenne est situ\u00e9e \u00e0 proximit\u00e9 de la \u00ab\u00a0continuit\u00e9 paysag\u00e8re\u00a0\u00bb o\u00f9 se trouvent des talus arbor\u00e9s qui longent les habitations et \u00e0 proximit\u00e9 de terrains o\u00f9 <strong>les herbes hautes prolif\u00e8rent,<\/strong> cette circonstance n\u2019est pas de nature \u00e0 \u00e9tablir qu\u2019il r\u00e9sulterait de l\u2019installation de cette antenne un accroissement du risque d\u2019incendie.\u00a0\u00bb<\/p>\n<p>    <a href=\"https:\/\/www.google.com\/maps\/embed?pb=!1m18!1m12!1m3!1d2827.4969234399978!2d-0.5844571999999496!3d44.8725354!2m3!1f0!2f0!3f0!3m2!1i1024!2i768!4f13.1!3m3!1m2!1s0xd552838d00d7a61%3A0x1d707409c6d59956!2sRue%20Pierre%20et%20Marie%20Curie%2C%2033520%20Bruges!5e0!3m2!1sfr!2sfr!4v1756483707144!5m2!1sfr!2sfr\" title=\"Ouvrie le lien\" target=\"_blank\" rel=\"noopener\">Cliquez ici pour visualiser le contenu<\/a><\/p>\n<p>Votre r\u00e9gion, votre actu !<\/p>\n<p>Recevez chaque jour les infos qui comptent pour vous.<\/p>\n<p>\t<a href=\"https:\/\/actu.fr\/newsletter\" class=\"ac-btn ac-btn--corner ac-btn--medium ac-btn--blue800\" target=\"_blank\" rel=\"noopener\">S&rsquo;incrire<\/a><\/p>\n<p class=\" wall-content\">Sur un plan urbanistique, les requ\u00e9rants \u00ab\u00a0ne peuvent utilement soutenir\u00a0\u00bb que l\u2019antenne-relais \u00ab\u00a0m\u00e9conna\u00eet\u00a0\u00bb l\u2019ancien Plan de pr\u00e9vention du risque d\u2019inondations (PPRI) de l\u2019agglom\u00e9ration bordelaise puisque ce document strat\u00e9gique <strong>\u00ab\u00a0n\u2019\u00e9tait plus en vigueur<\/strong> \u00e0 la date de l\u2019arr\u00eat\u00e9\u00a0\u00bb de la maire de Bruges. \u00ab\u00a0Le terrain n\u2019est situ\u00e9 dans aucune des zones pour lesquelles un risque d\u2019inondation a \u00e9t\u00e9 identifi\u00e9 dans le nouveau PPRI\u00a0\u00bb, souligne le tribunal administratif de Bordeaux.<\/p>\n<p class=\" wall-content\">\u00ab\u00a0Le projet se trouve au sud du quartier de Bordeaux-Lac, dans une zone \u00e9conomique g\u00e9n\u00e9raliste, sans commerce\u00a0\u00bb, resituent encore les magistrats. \u00ab\u00a0La partie de cette zone o\u00f9 se trouve le projet est constitu\u00e9e de parcelles o\u00f9 sont \u00e9difi\u00e9s <strong>de vastes b\u00e2timents r\u00e9cents.<\/strong> Elle jouxte \u00e0 l\u2019ouest un quartier pavillonnaire, au sud un bassin de r\u00e9tention d\u2019eau et au nord une zone \u00e0 dominante de grands ensembles.\u00a0\u00bb Le secteur est donc \u00ab\u00a0marqu\u00e9 par une tr\u00e8s grande h\u00e9t\u00e9rog\u00e9n\u00e9it\u00e9\u00a0\u00bb, reformulent-ils en d\u2019autres termes.<\/p>\n<p class=\" wall-content\">\u00ab\u00a0M\u00eame si l\u2019antenne, <strong>d\u2019une hauteur de 36 m\u00e8tres<\/strong> et d\u00e9sormais construite, est visible depuis les secteurs environnants, sa pr\u00e9sence ne cr\u00e9\u00e9 pas de contraste excessif par rapport aux autres b\u00e2timents alentour\u00a0\u00bb, consid\u00e8re le <a href=\"https:\/\/actu.fr\/tag\/tribunal-de-bordeaux\" target=\"_blank\" rel=\"noopener\">tribunal administratif de Bordeaux<\/a> puisqu\u2019elle a recours \u00e0 \u00ab\u00a0l\u2019emploi d\u2019une couleur neutre de type acier galvanis\u00e9\u00a0\u00bb.<\/p>\n<p class=\" wall-content\">\u00ab\u00a0Le terrain est bord\u00e9 par le p\u00e9rim\u00e8tre d\u2019une \u00ab\u00a0continuit\u00e9 paysag\u00e8re\u00a0\u00bb qui correspond \u00e0 <strong>l\u2019ancienne voie ferr\u00e9e<\/strong> de Bordeaux-Ravezies \u00e0 la Pointe de Grave, institu\u00e9e pour prot\u00e9ger la \u00ab\u00a0trame verte\u00a0\u00bb existante en \u00ab\u00a0secteur urbain dense\u00a0\u00bb\u00a0\u00bb, conc\u00e8dent par ailleurs les juges. \u00ab\u00a0Toutefois, si le p\u00e9rim\u00e8tre de cette \u00ab\u00a0continuit\u00e9 paysag\u00e8re\u00a0\u00bb empi\u00e8te sur une partie du terrain d\u2019assiette, ce projet <strong>ne compromet en rien<\/strong> la respiration v\u00e9g\u00e9tale ainsi pr\u00e9serv\u00e9e.\u00a0\u00bb La requ\u00eate a donc \u00e9t\u00e9 rejet\u00e9e et l\u2019antenne-relais peut rester en place.<\/p>\n<p class=\" wall-content\"><strong>GF (PressPepper)<\/strong><\/p>\n<p class=\" wall-content\">Personnalisez votre actualit\u00e9 en ajoutant vos villes et m\u00e9dias en favori avec <a href=\"https:\/\/moncompte.actu.fr\" title=\"D\u00e9couvez Mon Actu\" rel=\"nofollow noopener\" data-trk=\"{&quot;cta&quot;:{&quot;action&quot;:&quot;https:\\\/\\\/moncompte.actu.fr&quot;,&quot;category&quot;:&quot;mon compte&quot;,&quot;from&quot;:&quot;article footer&quot;,&quot;name&quot;:&quot;Mon actu&quot;,&quot;type&quot;:&quot;cta&quot;}}\" target=\"_blank\">Mon Actu<\/a>.<\/p>\n","protected":false},"excerpt":{"rendered":"Par R\u00e9daction Bordeaux Publi\u00e9 le 30 ao\u00fbt 2025 \u00e0 17h32 Le tribunal administratif de Bordeaux a rejet\u00e9 le&hellip;\n","protected":false},"author":2,"featured_media":355024,"comment_status":"","ping_status":"","sticky":false,"template":"","format":"standard","meta":{"footnotes":""},"categories":[2817],"tags":[1111,11,33810,1997,1777,674,1011,27,303,12,2219,25,104,7559],"class_list":{"0":"post-355023","1":"post","2":"type-post","3":"status-publish","4":"format-standard","5":"has-post-thumbnail","7":"category-bordeaux","8":"tag-actu","9":"tag-actualites","10":"tag-antenne-relais","11":"tag-bordeaux","12":"tag-eu","13":"tag-europe","14":"tag-fr","15":"tag-france","16":"tag-justice","17":"tag-news","18":"tag-nouvelle-aquitaine","19":"tag-republique-francaise","20":"tag-societe","21":"tag-tribunal-de-bordeaux"},"share_on_mastodon":{"url":"","error":""},"_links":{"self":[{"href":"https:\/\/www.europesays.com\/fr\/wp-json\/wp\/v2\/posts\/355023","targetHints":{"allow":["GET"]}}],"collection":[{"href":"https:\/\/www.europesays.com\/fr\/wp-json\/wp\/v2\/posts"}],"about":[{"href":"https:\/\/www.europesays.com\/fr\/wp-json\/wp\/v2\/types\/post"}],"author":[{"embeddable":true,"href":"https:\/\/www.europesays.com\/fr\/wp-json\/wp\/v2\/users\/2"}],"replies":[{"embeddable":true,"href":"https:\/\/www.europesays.com\/fr\/wp-json\/wp\/v2\/comments?post=355023"}],"version-history":[{"count":0,"href":"https:\/\/www.europesays.com\/fr\/wp-json\/wp\/v2\/posts\/355023\/revisions"}],"wp:featuredmedia":[{"embeddable":true,"href":"https:\/\/www.europesays.com\/fr\/wp-json\/wp\/v2\/media\/355024"}],"wp:attachment":[{"href":"https:\/\/www.europesays.com\/fr\/wp-json\/wp\/v2\/media?parent=355023"}],"wp:term":[{"taxonomy":"category","embeddable":true,"href":"https:\/\/www.europesays.com\/fr\/wp-json\/wp\/v2\/categories?post=355023"},{"taxonomy":"post_tag","embeddable":true,"href":"https:\/\/www.europesays.com\/fr\/wp-json\/wp\/v2\/tags?post=355023"}],"curies":[{"name":"wp","href":"https:\/\/api.w.org\/{rel}","templated":true}]}}