{"id":355028,"date":"2025-08-30T19:32:11","date_gmt":"2025-08-30T19:32:11","guid":{"rendered":"https:\/\/www.europesays.com\/fr\/355028\/"},"modified":"2025-08-30T19:32:11","modified_gmt":"2025-08-30T19:32:11","slug":"au-bout-dun-an-de-mise-en-service-velotoulouse-pedale-sur-la-route-du-succes","status":"publish","type":"post","link":"https:\/\/www.europesays.com\/fr\/355028\/","title":{"rendered":"Au bout d\u2019un an de mise en service, v\u00e9l\u00f4Toulouse p\u00e9dale sur la route du succ\u00e8s"},"content":{"rendered":"<p>Une affaire qui roule. Le 30 ao\u00fbt 2024, les cyclistes de la Ville rose pouvaient enfourcher les nouveaux v\u00e9los m\u00e9caniques et \u00e9lectriques mis \u00e0 disposition sur le territoire toulousain. Apr\u00e8s un an de mise en service, l\u2019heure est au bilan\u2026 v\u00e9l\u00f4Toulouse est un v\u00e9ritable succ\u00e8s ! Avec <strong>plus de 10 millions de trajets enregistr\u00e9s<\/strong>, contre 4 millions par an en moyenne avec le service initial, le constat est sans appel : les nouveaux v\u00e9los roses et oranges sont ultra-pl\u00e9biscit\u00e9s.<\/p>\n<p>Le nombre de tickets vendus et d\u2019inscrits explose<\/p>\n<p>Un autre chiffre, d\u00e9voil\u00e9 par Tiss\u00e9o, vient renforcer ce constat. <strong>Plus d\u2019un million de tickets courte dur\u00e9e<\/strong> ont \u00e9t\u00e9 vendu en un an, soit trois fois plus que les ann\u00e9es pr\u00e9c\u00e9dentes, tandis que <strong>le nombre d\u2019inscrits a doubl\u00e9<\/strong>. Sans surprise, l\u2019usage journalier est alors en large hausse. Concr\u00e8tement, l\u2019utilisation moyenne de v\u00e9l\u00f4Toulouse grimpe jusqu\u2019\u00e0 10 fois par jour du c\u00f4t\u00e9 des v\u00e9los m\u00e9caniques et m\u00eame jusqu\u2019\u00e0 14 fois pour les mod\u00e8les \u00e0 assistance \u00e9lectrique.<\/p>\n<p>Quelle satisfaction client ?<\/p>\n<p>La majorit\u00e9 de ces nombreux utilisateurs semblent satisfaits de leur exp\u00e9rience en scelle. \u00ab\u00a0Ce nouveau service lanc\u00e9 le 30 ao\u00fbt 2024 et exploit\u00e9 par JCDecaux recueille un taux de satisfaction\u00a0de <strong>81 % des clients usagers<\/strong> de v\u00e9l\u00f4Toulouse selon un barom\u00e8tre de satisfaction r\u00e9alis\u00e9 en novembre\u00a02024&Prime;, d\u00e9taille Tiss\u00e9o dans un communiqu\u00e9. Pour am\u00e9liorer le service, un<strong style=\"background-color: transparent; color: rgb(68, 68, 68);\"> renforcement du maillage existant<\/strong> est d\u2019ailleurs pr\u00e9vu prochainement dans Toulouse.<\/p>\n<p>Vers une extension de service dans l\u2019agglo<\/p>\n<p>Ce n\u2019est pas tout ! Au 30 septembre 2025, <strong>six communes de la p\u00e9riph\u00e9rie toulousaine<\/strong> b\u00e9n\u00e9ficieront d\u2019une extension de service. Les villes concern\u00e9es sont Aucamville, Balma, Blagnac, Lab\u00e8ge, Ramonville, et Tournefeuille. Au total, ce renforcement dans la Ville rose et ses alentours repr\u00e9sente 45 nouvelles stations et 350 v\u00e9los suppl\u00e9mentaires. Dans un mois, <strong>3.650 cycles seront donc en circulation<\/strong> dans l\u2019<a href=\"https:\/\/lopinion.com\/articles\/actualite\/actualites-haute-garonne\" rel=\"noopener noreferrer nofollow\" target=\"_blank\">agglom\u00e9ration toulousaine<\/a>.<\/p>\n<p>&gt;&gt; \u00c0 LIRE AUSSI : <a href=\"https:\/\/lopinion.com\/articles\/actualite\/30040_louer-place-stationnement\" rel=\"noopener noreferrer nofollow\" target=\"_blank\">Toulouse (et alentours) : cette carte interactive permet de louer une place de stationnement facilement<\/a><\/p>\n","protected":false},"excerpt":{"rendered":"Une affaire qui roule. Le 30 ao\u00fbt 2024, les cyclistes de la Ville rose pouvaient enfourcher les nouveaux&hellip;\n","protected":false},"author":2,"featured_media":355029,"comment_status":"","ping_status":"","sticky":false,"template":"","format":"standard","meta":{"footnotes":""},"categories":[2816],"tags":[1111,11,1777,674,1011,27,12,2680,25,2312],"class_list":{"0":"post-355028","1":"post","2":"type-post","3":"status-publish","4":"format-standard","5":"has-post-thumbnail","7":"category-toulouse","8":"tag-actu","9":"tag-actualites","10":"tag-eu","11":"tag-europe","12":"tag-fr","13":"tag-france","14":"tag-news","15":"tag-occitanie","16":"tag-republique-francaise","17":"tag-toulouse"},"share_on_mastodon":{"url":"https:\/\/pubeurope.com\/@fr\/115119387016544899","error":""},"_links":{"self":[{"href":"https:\/\/www.europesays.com\/fr\/wp-json\/wp\/v2\/posts\/355028","targetHints":{"allow":["GET"]}}],"collection":[{"href":"https:\/\/www.europesays.com\/fr\/wp-json\/wp\/v2\/posts"}],"about":[{"href":"https:\/\/www.europesays.com\/fr\/wp-json\/wp\/v2\/types\/post"}],"author":[{"embeddable":true,"href":"https:\/\/www.europesays.com\/fr\/wp-json\/wp\/v2\/users\/2"}],"replies":[{"embeddable":true,"href":"https:\/\/www.europesays.com\/fr\/wp-json\/wp\/v2\/comments?post=355028"}],"version-history":[{"count":0,"href":"https:\/\/www.europesays.com\/fr\/wp-json\/wp\/v2\/posts\/355028\/revisions"}],"wp:featuredmedia":[{"embeddable":true,"href":"https:\/\/www.europesays.com\/fr\/wp-json\/wp\/v2\/media\/355029"}],"wp:attachment":[{"href":"https:\/\/www.europesays.com\/fr\/wp-json\/wp\/v2\/media?parent=355028"}],"wp:term":[{"taxonomy":"category","embeddable":true,"href":"https:\/\/www.europesays.com\/fr\/wp-json\/wp\/v2\/categories?post=355028"},{"taxonomy":"post_tag","embeddable":true,"href":"https:\/\/www.europesays.com\/fr\/wp-json\/wp\/v2\/tags?post=355028"}],"curies":[{"name":"wp","href":"https:\/\/api.w.org\/{rel}","templated":true}]}}