{"id":355032,"date":"2025-08-30T19:34:54","date_gmt":"2025-08-30T19:34:54","guid":{"rendered":"https:\/\/www.europesays.com\/fr\/355032\/"},"modified":"2025-08-30T19:34:54","modified_gmt":"2025-08-30T19:34:54","slug":"decouvrez-le-nouvel-espace-berhuy-ancienne-filature-requalifee-a-wignehies","status":"publish","type":"post","link":"https:\/\/www.europesays.com\/fr\/355032\/","title":{"rendered":"d\u00e9couvrez le nouvel espace Berhuy, ancienne filature requalif\u00e9e \u00e0 Wignehies"},"content":{"rendered":"<p>\n\t\t\t\t\t\t\t\tApr\u00e8s un an de travaux, le nouvel espace Berhuy sera inaugur\u00e9 ce vendredi. Entre valorisation d&rsquo;un ancien site industriel et modernit\u00e9, ce site va accueillir des associations, des entreprises, disposera d&rsquo;une salle polyvalente&#8230; A d\u00e9couvrir ce soir.\n\t\t\t\t\t\t\t<\/p>\n<p><a href=\"https:\/\/www.lobservateur.fr\/nord-site-industriel-wignehies\/\" target=\"_blank\" data-type=\"link\" data-id=\"https:\/\/www.lobservateur.fr\/nord-site-industriel-wignehies\/\" rel=\"noreferrer noopener nofollow\">Apr\u00e8s une ann\u00e9e de travaux<\/a>, l&rsquo;\u00e9quipe municipale de Wignehies, dans le Nord, va inaugurer, ce vendredi 29 ao\u00fbt, l&rsquo;espace Berhuy, un site polyvalent au cadre soign\u00e9, en lieu et place des anciennes filatures Hubinet. Repens\u00e9 afin de r\u00e9pondre aux besoins actuels, le site a \u00e9t\u00e9 compl\u00e8tement r\u00e9am\u00e9nag\u00e9 avec des b\u00e2timents qui offrent modernit\u00e9 et performance, le tout dans un cadre paysager harmonieux dont <a href=\"https:\/\/www.youtube.com\/watch?v=i2EULl99vAQ\" target=\"_blank\" data-type=\"link\" data-id=\"https:\/\/www.youtube.com\/watch?v=i2EULl99vAQ\" rel=\"noreferrer noopener nofollow\">l&rsquo;ancienne chemin\u00e9e<\/a> r\u00e9nov\u00e9e rappelle le pass\u00e9 industriel.\u00a0\u00a0<\/p>\n<p><strong>U<\/strong>n site polyvalent<\/p>\n<p>Moderne et polyvalent, l&rsquo;espace Berhy, d&rsquo;une superficie de 3000 m2, est compos\u00e9 de diff\u00e9rents espaces. Vous y trouverez une salle de boxe et une salle d&rsquo;arts martiaux de 205 m2 chacune. Une salle de r\u00e9ception de 690 m2, lumineuse, moderne et offrant de multiples fonctionnalit\u00e9s avec notamment une cuisine professionnelle et enti\u00e8rement \u00e9quip\u00e9e (hotte, lave-vaisselle, lave verres, bain-marie, friteuse, r\u00e9frig\u00e9rateurs positifs et n\u00e9gatifs, zone de stockage, espace containers, vaisselle tables et chaises), une nurserie, un espace bar, une aire de jeux ext\u00e9rieure pour les enfants&#8230;. Trois cellules d\u00e9di\u00e9es \u00e0 la vie \u00e9conomique et artisanale de 150 m 2, 200 m2 et 232 m2 (avec quai de chargement) seront prochainement propos\u00e9es \u00e0 la location. Enfin, les services techniques de la ville disposent d\u00e9sormais de plus de 1000 m2 d\u00e9di\u00e9s aux ateliers et au stockage des mat\u00e9riaux. Cet ensemble dispose de vastes parkings ext\u00e9rieurs et d&rsquo;espaces renatur\u00e9s avec la rivi\u00e8re \u00ab\u00a0La Claire\u00a0\u00bb qui est de nouveau \u00e0 ciel ouvert et qui offre un beau lieu de promenade : on d\u00e9couvre une nouvelle vision de Wignehies et de ses lieux embl\u00e9matiques, la mairie et son parc, l&rsquo;\u00e9glise, les anciennes filatures.<\/p>\n<p>Qui \u00e9tait Robert Berhuy ?<\/p>\n<p>Ce nouvel espace porte le nom d&rsquo;un industriel qui a marqu\u00e9 l&rsquo;histoire de Wignehies : Robert Berhuy. En effet, apr\u00e8s l&rsquo;incendie de sa filature de Glageon en 1990, le patron choisira de r\u00e9nover les anciens b\u00e2timents de la SFRF pour y b\u00e2tir sa nouvelle usine. En quelques mois seulement, ses ouvriers ont ainsi pu reprendre le travail sous les ordres d&rsquo;un patron respectable et estim\u00e9 de son personnel. L&rsquo;activit\u00e9 cessera d\u00e9finitivement en 2002.<\/p>\n<p class=\"has-light-green-cyan-background-color has-background\"><strong>Rendez-vous \u00e0 18 h<\/strong><br \/>L&rsquo;inauguration a lieu ce vendredi 29 ao\u00fbt \u00e0 18h, rue des Soigneuses. La c\u00e9r\u00e9monie est ouverte au public. \u00c0 l&rsquo;issue de celle-ci, vous pourrez d\u00e9couvrir le site et ses divers am\u00e9nagements. Une exposition de photos de diverses \u00e9poques et la diffusion d&rsquo;un film pr\u00e9senteront l&rsquo;histoire du site et les travaux r\u00e9alis\u00e9s.\u00a0<\/p>\n<p><img loading=\"lazy\" decoding=\"async\" width=\"1024\" height=\"768\" data-id=\"1853487\" src=\"https:\/\/www.europesays.com\/fr\/wp-content\/uploads\/2025\/08\/e84ab09a8da86ec4ab09a8da8d05abv_-1024x768.jpeg\" alt=\"e84ab09a8da86ec4ab09a8da8d05abv\" class=\"wp-image-1853487\"  \/><\/p>\n<p><img loading=\"lazy\" decoding=\"async\" width=\"1024\" height=\"683\" data-id=\"1853488\" src=\"https:\/\/www.europesays.com\/fr\/wp-content\/uploads\/2025\/08\/08cda82875fd695baaec198594e34de6-1024x683.jpg\" alt=\"08cda82875fd695baaec198594e34de6\" class=\"wp-image-1853488\"  \/><\/p>\n","protected":false},"excerpt":{"rendered":"Apr\u00e8s un an de travaux, le nouvel espace Berhuy sera inaugur\u00e9 ce vendredi. Entre valorisation d&rsquo;un ancien site&hellip;\n","protected":false},"author":2,"featured_media":355033,"comment_status":"","ping_status":"","sticky":false,"template":"","format":"standard","meta":{"footnotes":""},"categories":[2815],"tags":[1111,11,1777,674,1011,27,811,1307,12,25],"class_list":{"0":"post-355032","1":"post","2":"type-post","3":"status-publish","4":"format-standard","5":"has-post-thumbnail","7":"category-lille","8":"tag-actu","9":"tag-actualites","10":"tag-eu","11":"tag-europe","12":"tag-fr","13":"tag-france","14":"tag-hauts-de-france","15":"tag-lille","16":"tag-news","17":"tag-republique-francaise"},"share_on_mastodon":{"url":"https:\/\/pubeurope.com\/@fr\/115119399139331597","error":""},"_links":{"self":[{"href":"https:\/\/www.europesays.com\/fr\/wp-json\/wp\/v2\/posts\/355032","targetHints":{"allow":["GET"]}}],"collection":[{"href":"https:\/\/www.europesays.com\/fr\/wp-json\/wp\/v2\/posts"}],"about":[{"href":"https:\/\/www.europesays.com\/fr\/wp-json\/wp\/v2\/types\/post"}],"author":[{"embeddable":true,"href":"https:\/\/www.europesays.com\/fr\/wp-json\/wp\/v2\/users\/2"}],"replies":[{"embeddable":true,"href":"https:\/\/www.europesays.com\/fr\/wp-json\/wp\/v2\/comments?post=355032"}],"version-history":[{"count":0,"href":"https:\/\/www.europesays.com\/fr\/wp-json\/wp\/v2\/posts\/355032\/revisions"}],"wp:featuredmedia":[{"embeddable":true,"href":"https:\/\/www.europesays.com\/fr\/wp-json\/wp\/v2\/media\/355033"}],"wp:attachment":[{"href":"https:\/\/www.europesays.com\/fr\/wp-json\/wp\/v2\/media?parent=355032"}],"wp:term":[{"taxonomy":"category","embeddable":true,"href":"https:\/\/www.europesays.com\/fr\/wp-json\/wp\/v2\/categories?post=355032"},{"taxonomy":"post_tag","embeddable":true,"href":"https:\/\/www.europesays.com\/fr\/wp-json\/wp\/v2\/tags?post=355032"}],"curies":[{"name":"wp","href":"https:\/\/api.w.org\/{rel}","templated":true}]}}