{"id":355034,"date":"2025-08-30T19:36:17","date_gmt":"2025-08-30T19:36:17","guid":{"rendered":"https:\/\/www.europesays.com\/fr\/355034\/"},"modified":"2025-08-30T19:36:17","modified_gmt":"2025-08-30T19:36:17","slug":"adversaires-calendrier-le-programme-complet-des-matchs-de-lille-pour-la-phase-de-ligue-de-la-ligue-europa","status":"publish","type":"post","link":"https:\/\/www.europesays.com\/fr\/355034\/","title":{"rendered":"adversaires, calendrier\u2026 Le programme complet des matchs de Lille pour la phase de ligue de la Ligue Europa"},"content":{"rendered":"<p>Apr\u00e8s une campagne europ\u00e9enne plus qu&rsquo;honorable en Ligue des champions, o\u00f9 Lille s\u2019\u00e9tait inclin\u00e9 de justesse en huiti\u00e8me de finale, le LOSC se tourne d\u00e9sormais vers la Ligue Europa avec des ambitions renouvel\u00e9es. Sous la houlette de Bruno Genesio, les Dogues veulent allier exp\u00e9rience et jeunesse pour briller sur la sc\u00e8ne continentale et aller le plus loin possible dans cette comp\u00e9tition. D\u00e9couvrez les adversaires et le calendrier de Lille en Ligue Europa.<\/p>\n<p><strong><a href=\"https:\/\/rmcsport.bfmtv.com\/football\/clubs\/losc-lille\/\" target=\"_blank\" class=\"external_link\" rel=\"nofollow noopener\">Lille<\/a><\/strong> qui avait particip\u00e9 \u00e0 la <strong><a href=\"https:\/\/rmcsport.bfmtv.com\/football\/ligue-des-champions\/*\" target=\"_blank\" class=\"external_link\" rel=\"nofollow noopener\">Ligue des champions<\/a><\/strong> l&rsquo;ann\u00e9e derni\u00e8re avec une d\u00e9faite malheureuse en huiti\u00e8me de finale face \u00e0 Dortmund arrive en <strong><a href=\"https:\/\/rmcsport.bfmtv.com\/football\/europa-league\/\" target=\"_blank\" class=\"external_link\" rel=\"nofollow noopener\">Ligue Europa<\/a><\/strong> avec beaucoup d&rsquo;ambition sous la direction de <strong><a href=\"https:\/\/rmcsport.bfmtv.com\/football\/ligue-1\/lille-la-petite-pique-amusee-de-genesio-a-letang-apres-son-gros-retard-en-conference-de-presse_AV-202508280550.html\" title=\"Lille: la petite pique amus\u00e9e de Genesio \u00e0 L\u00e9tang apr\u00e8s son gros retard en conf\u00e9rence de presse\" class=\"internal_link\" rel=\"nofollow noopener\" target=\"_blank\">Bruno Genesio<\/a><\/strong>.<\/p>\n<p>Fort de cette exp\u00e9rience en C1, le LOSC aborde la Ligue Europa avec l\u2019envie de franchir un cap et de montrer qu\u2019il peut rivaliser avec de grands noms du continent. Le tirage au sort, effectu\u00e9 \u00e0 Monaco ce vendredi 29 ao\u00fbt, a offert aux Dogues un programme relev\u00e9 pour cette phase de ligue de la C3.<\/p>\n<p>Les adversaires de Lille pour la phase de ligue<\/p>\n<ul class=\"list_unordered\">\n<li>Dinamo Zagreb (domicile)<\/li>\n<li>AS Rome (ext\u00e9rieur)<\/li>\n<li>PAOK (domicile)<\/li>\n<li>Etoile Rouge de Belgrade (ext\u00e9rieur)<\/li>\n<li>Fribourg (domicile)<\/li>\n<li>Young Boys de Berne (ext\u00e9rieur)<\/li>\n<li>Brann (domicile)<\/li>\n<li>Celta de Vigo (ext\u00e9rieur)<\/li>\n<\/ul>\n<p>Le calendrier des matchs de Lille en phase de ligue<\/p>\n<p>La phase de ligue se d\u00e9roulera sur huit journ\u00e9es, entre septembre et janvier. Voici les dates \u00e0 retenir :<\/p>\n<ul class=\"list_unordered\">\n<li>Lille-Brann: 25 septembre 2025 \u00e0 18h45<\/li>\n<li>AS Roma-Lille: 2 octobre 2025 \u00e0 18h45<\/li>\n<li>Lille-PAOK: 23 octobre 2025 \u00e0 21h<\/li>\n<li>Etoile Rouge de Belgrade-Lille: 6 novembre 2025 \u00e0 18h45<\/li>\n<li>Lille-Dinamo Zagreb: 27 novembre 2025 \u00e0 18h45<\/li>\n<li>Young Boys de Berne-Lille: 11 d\u00e9cembre 2025 \u00e0 18h45<\/li>\n<li>RC Celta-Lille: 22 janvier 2026 \u00e0 21h<\/li>\n<li>Lille-Fribourg: 29 janvier 2026 \u00e0 21h<\/li>\n<\/ul>\n<p>Le <strong><a href=\"https:\/\/rmcsport.bfmtv.com\/football\/clubs\/losc-lille\/\" target=\"_blank\" class=\"external_link\" rel=\"nofollow noopener\">LOSC<\/a><\/strong> conna\u00eet le d\u00e9fi qui l\u2019attend dans une Ligue Europa o\u00f9 chaque rencontre sera d\u00e9cisive dans la qu\u00eate des huiti\u00e8mes de finale ou, a minima, des barrages. Entre soir\u00e9es bouillantes au Stade Pierre-Mauroy et d\u00e9placements p\u00e9rilleux dans des stades hostiles, les Dogues veulent transformer leur ambition en \u00e9pop\u00e9e et faire vibrer \u00e0 nouveau leurs supporters sur la sc\u00e8ne continentale.<\/p>\n","protected":false},"excerpt":{"rendered":"Apr\u00e8s une campagne europ\u00e9enne plus qu&rsquo;honorable en Ligue des champions, o\u00f9 Lille s\u2019\u00e9tait inclin\u00e9 de justesse en huiti\u00e8me&hellip;\n","protected":false},"author":2,"featured_media":355035,"comment_status":"","ping_status":"","sticky":false,"template":"","format":"standard","meta":{"footnotes":""},"categories":[2815],"tags":[1111,11,1777,674,1011,27,811,1307,12,25],"class_list":{"0":"post-355034","1":"post","2":"type-post","3":"status-publish","4":"format-standard","5":"has-post-thumbnail","7":"category-lille","8":"tag-actu","9":"tag-actualites","10":"tag-eu","11":"tag-europe","12":"tag-fr","13":"tag-france","14":"tag-hauts-de-france","15":"tag-lille","16":"tag-news","17":"tag-republique-francaise"},"share_on_mastodon":{"url":"https:\/\/pubeurope.com\/@fr\/115119402722426407","error":""},"_links":{"self":[{"href":"https:\/\/www.europesays.com\/fr\/wp-json\/wp\/v2\/posts\/355034","targetHints":{"allow":["GET"]}}],"collection":[{"href":"https:\/\/www.europesays.com\/fr\/wp-json\/wp\/v2\/posts"}],"about":[{"href":"https:\/\/www.europesays.com\/fr\/wp-json\/wp\/v2\/types\/post"}],"author":[{"embeddable":true,"href":"https:\/\/www.europesays.com\/fr\/wp-json\/wp\/v2\/users\/2"}],"replies":[{"embeddable":true,"href":"https:\/\/www.europesays.com\/fr\/wp-json\/wp\/v2\/comments?post=355034"}],"version-history":[{"count":0,"href":"https:\/\/www.europesays.com\/fr\/wp-json\/wp\/v2\/posts\/355034\/revisions"}],"wp:featuredmedia":[{"embeddable":true,"href":"https:\/\/www.europesays.com\/fr\/wp-json\/wp\/v2\/media\/355035"}],"wp:attachment":[{"href":"https:\/\/www.europesays.com\/fr\/wp-json\/wp\/v2\/media?parent=355034"}],"wp:term":[{"taxonomy":"category","embeddable":true,"href":"https:\/\/www.europesays.com\/fr\/wp-json\/wp\/v2\/categories?post=355034"},{"taxonomy":"post_tag","embeddable":true,"href":"https:\/\/www.europesays.com\/fr\/wp-json\/wp\/v2\/tags?post=355034"}],"curies":[{"name":"wp","href":"https:\/\/api.w.org\/{rel}","templated":true}]}}