{"id":355036,"date":"2025-08-30T19:37:18","date_gmt":"2025-08-30T19:37:18","guid":{"rendered":"https:\/\/www.europesays.com\/fr\/355036\/"},"modified":"2025-08-30T19:37:18","modified_gmt":"2025-08-30T19:37:18","slug":"mobilisation-de-la-cgt-contre-la-repression-syndicale","status":"publish","type":"post","link":"https:\/\/www.europesays.com\/fr\/355036\/","title":{"rendered":"Mobilisation de la CGT contre la r\u00e9pression syndicale"},"content":{"rendered":"\n<p>\u00ab\u00a0En ao\u00fbt, la direction de Weesure a convoqu\u00e9 deux \u00e9lus CGT, un d\u00e9l\u00e9gu\u00e9 syndical et un repr\u00e9sentant syndical pour des entretiens pr\u00e9alables \u00e0 un licenciement. Le CSE a ensuite vot\u00e9 en faveur du licenciement du d\u00e9l\u00e9gu\u00e9\u00a0\u00bb, explique Bader Maoudj, secr\u00e9taire g\u00e9n\u00e9ral de la CGT Pr\u00e9vention S\u00e9curit\u00e9 des Bouches-du-Rh\u00f4ne.<br \/>Il \u00e9voque \u00ab\u00a0une r\u00e9pression syndicale contre les \u00e9lus CGT qui se battent pour les salari\u00e9s\u00a0\u00bb dans l\u2019entreprise. \u00ab\u00a0Il n\u2019y a rien dans le dossier\u00a0: des lettres anonymes lui reprochant des faits inv\u00e9rifiables\u00a0\u00bb, d\u00e9veloppe-t-il.<\/p>\n<p>Le d\u00e9l\u00e9gu\u00e9 syndical en question, Liace Azouani, nie en bloc les suppos\u00e9es accusations. \u00ab\u00a0Il y a eu des pressions sur des agents pour qu\u2019ils t\u00e9moignent contre moi. Cela fait 21\u00a0ans que je travaille ici, j\u2019ai toujours \u0153uvr\u00e9 pour les salari\u00e9s\u00a0\u00bb, assure-t-il. Il entend contester cette d\u00e9cision devant l\u2019inspection du travail et la CGT demande logiquement sa r\u00e9int\u00e9gration. Plus globalement, le syndicat d\u00e9nonce \u00ab\u00a0une chasse aux sorci\u00e8res des \u00e9lus CGT\u00a0\u00bb.<\/p>\n<p>Contact\u00e9e, Weesure Protection assure \u00ab\u00a0qu\u2019il n\u2019y a aucun climat de \u00ab\u00a0chasse aux \u00e9lus\u00a0\u00bb au sein de l\u2019entreprise et toutes les \u00e9tiquettes syndicales sont repr\u00e9sent\u00e9es et nous veillons \u00e0 ce que leurs droits soient respect\u00e9s\u00a0\u00bb. Du reste, l\u2019entreprise ne communique pas sur \u00ab\u00a0la situation disciplinaire d\u2019un salari\u00e9\u00a0\u00bb mais explique avoir \u00ab\u00a0aucun souci avec les \u00e9lus de l\u2019entreprise\u00a0\u00bb.<\/p>\n","protected":false},"excerpt":{"rendered":"\u00ab\u00a0En ao\u00fbt, la direction de Weesure a convoqu\u00e9 deux \u00e9lus CGT, un d\u00e9l\u00e9gu\u00e9 syndical et un repr\u00e9sentant syndical&hellip;\n","protected":false},"author":2,"featured_media":355037,"comment_status":"","ping_status":"","sticky":false,"template":"","format":"standard","meta":{"footnotes":""},"categories":[2814],"tags":[1111,11,49102,1777,674,1011,27,884,12,882,25],"class_list":{"0":"post-355036","1":"post","2":"type-post","3":"status-publish","4":"format-standard","5":"has-post-thumbnail","7":"category-marseille","8":"tag-actu","9":"tag-actualites","10":"tag-amaury-baque","11":"tag-eu","12":"tag-europe","13":"tag-fr","14":"tag-france","15":"tag-marseille","16":"tag-news","17":"tag-provence-alpes-cote-dazur","18":"tag-republique-francaise"},"share_on_mastodon":{"url":"https:\/\/pubeurope.com\/@fr\/115119406699299470","error":""},"_links":{"self":[{"href":"https:\/\/www.europesays.com\/fr\/wp-json\/wp\/v2\/posts\/355036","targetHints":{"allow":["GET"]}}],"collection":[{"href":"https:\/\/www.europesays.com\/fr\/wp-json\/wp\/v2\/posts"}],"about":[{"href":"https:\/\/www.europesays.com\/fr\/wp-json\/wp\/v2\/types\/post"}],"author":[{"embeddable":true,"href":"https:\/\/www.europesays.com\/fr\/wp-json\/wp\/v2\/users\/2"}],"replies":[{"embeddable":true,"href":"https:\/\/www.europesays.com\/fr\/wp-json\/wp\/v2\/comments?post=355036"}],"version-history":[{"count":0,"href":"https:\/\/www.europesays.com\/fr\/wp-json\/wp\/v2\/posts\/355036\/revisions"}],"wp:featuredmedia":[{"embeddable":true,"href":"https:\/\/www.europesays.com\/fr\/wp-json\/wp\/v2\/media\/355037"}],"wp:attachment":[{"href":"https:\/\/www.europesays.com\/fr\/wp-json\/wp\/v2\/media?parent=355036"}],"wp:term":[{"taxonomy":"category","embeddable":true,"href":"https:\/\/www.europesays.com\/fr\/wp-json\/wp\/v2\/categories?post=355036"},{"taxonomy":"post_tag","embeddable":true,"href":"https:\/\/www.europesays.com\/fr\/wp-json\/wp\/v2\/tags?post=355036"}],"curies":[{"name":"wp","href":"https:\/\/api.w.org\/{rel}","templated":true}]}}