{"id":355042,"date":"2025-08-30T19:40:11","date_gmt":"2025-08-30T19:40:11","guid":{"rendered":"https:\/\/www.europesays.com\/fr\/355042\/"},"modified":"2025-08-30T19:40:11","modified_gmt":"2025-08-30T19:40:11","slug":"mango-ouvre-son-premier-magasin-mango-teen-en-france-a-lyon-part-dieu","status":"publish","type":"post","link":"https:\/\/www.europesays.com\/fr\/355042\/","title":{"rendered":"Mango ouvre son premier magasin Mango Teen en France \u00e0 Lyon Part-Dieu"},"content":{"rendered":"<p>                                                        <img loading=\"lazy\" decoding=\"async\" width=\"1600\" height=\"1036\" src=\"data:image\/svg+xml,%3Csvg%20xmlns=\" http:=\"\" class=\"thumb img-responsive m-x-auto block w-full\" alt=\"lyon entreprises ouverture mango\" caption=\"\" data-lazy-src=\"https:\/\/www.europesays.com\/fr\/wp-content\/uploads\/2025\/08\/unnamed-7.jpg\"\/><\/p>\n<p class=\"ez-toc-title ez-toc-toggle\" style=\"cursor: pointer\">Sommaire &amp; acc\u00e8s rapide<\/p>\n<p><a href=\"#\" class=\"ez-toc-pull-right ez-toc-btn ez-toc-btn-xs ez-toc-btn-default ez-toc-toggle\" aria-label=\"Toggle Table of Content\">Toggle<\/a><\/p>\n<p><strong>Mango poursuit l\u2019expansion de sa ligne d\u00e9di\u00e9e aux adolescents avec l\u2019ouverture de son premier magasin Mango Teen en France. Install\u00e9e au centre commercial Westfield La Part-Dieu, cette nouvelle boutique de 250 m\u00b2 confirme l\u2019importance de Lyon comme place strat\u00e9gique pour la mode et le retail.<\/strong><\/p>\n<p>Une premi\u00e8re fran\u00e7aise \u00e0 Lyon<\/p>\n<p>La France devient le quatri\u00e8me pays, apr\u00e8s le Royaume-Uni, le Portugal et Andorre, \u00e0 accueillir un magasin ind\u00e9pendant Mango Teen. Ce lancement illustre la volont\u00e9 de l\u2019entreprise d\u2019investir le segment de la mode jeunesse, situ\u00e9 entre l\u2019enfance et l\u2019\u00e2ge adulte, et de r\u00e9pondre aux attentes d\u2019un public en qu\u00eate d\u2019offres vestimentaires attractives et adapt\u00e9es.<\/p>\n<p>Berta Moral, Directrice de Mango Kids et Teen, souligne : \u00ab La France est \u00e0 la fois un march\u00e9 historique et strat\u00e9gique pour Mango, et l\u2019ouverture de ce magasin \u00e0 Lyon constitue une \u00e9tape majeure dans l\u2019expansion internationale de notre ligne jeunesse \u00bb.<\/p>\n<p>Un concept architectural pens\u00e9 pour l\u2019exp\u00e9rience client<\/p>\n<p>Le magasin reprend le concept \u00ab New Med \u00bb de Mango, inspir\u00e9 d\u2019une maison m\u00e9diterran\u00e9enne. L\u2019espace met en avant des mat\u00e9riaux traditionnels et durables, dans des tons chauds et neutres, pour proposer une exp\u00e9rience \u00e0 la fois moderne et responsable. Les clients disposent \u00e9galement de services tels que le click &amp; collect ou la Recycling Box, favorisant une approche plus fluide et durable du commerce.<\/p>\n<p>Un plan strat\u00e9gique ambitieux<\/p>\n<p>Lanc\u00e9e en 2021, la ligne Mango Teen conna\u00eet une croissance soutenue, avec plus de 40 magasins d\u00e9di\u00e9s et une pr\u00e9sence dans 95 march\u00e9s \u00e0 travers des points de vente multi-lignes et son site en ligne. En 2024, Mango Kids et Teen ont enregistr\u00e9 une croissance \u00e0 deux chiffres.<\/p>\n<p>Cette ouverture s\u2019inscrit dans le Plan Strat\u00e9gique 4E 2024-2026 de Mango, qui vise \u00e0 renforcer son expansion et \u00e0 d\u00e9passer les 4 milliards d\u2019euros de chiffre d\u2019affaires tout en maintenant son engagement en mati\u00e8re de qualit\u00e9, de design et de durabilit\u00e9.<\/p>\n<p>Une implantation lyonnaise porteuse de dynamisme<\/p>\n<p>Avec plus de 250 points de vente en France, Mango confirme sa volont\u00e9 de renforcer sa pr\u00e9sence dans les grandes m\u00e9tropoles. L\u2019ouverture de Mango Teen \u00e0 Lyon Part-Dieu s\u2019ajoute \u00e0 un programme d\u2019expansion pr\u00e9voyant en 2025 l\u2019ouverture de quatre nouveaux points de vente et la r\u00e9novation de six magasins embl\u00e9matiques en France, dont deux \u00e0 Lyon.<\/p>\n<p>En choisissant Lyon pour inaugurer Mango Teen en France, l\u2019entreprise met en lumi\u00e8re l\u2019attractivit\u00e9 de la m\u00e9tropole comme hub commercial et son r\u00f4le cl\u00e9 dans le d\u00e9veloppement des enseignes internationales.<\/p>\n","protected":false},"excerpt":{"rendered":"Sommaire &amp; acc\u00e8s rapide Toggle Mango poursuit l\u2019expansion de sa ligne d\u00e9di\u00e9e aux adolescents avec l\u2019ouverture de son&hellip;\n","protected":false},"author":2,"featured_media":355043,"comment_status":"","ping_status":"","sticky":false,"template":"","format":"standard","meta":{"footnotes":""},"categories":[1889],"tags":[1111,11,2430,1777,674,1011,27,2428,12,25],"class_list":{"0":"post-355042","1":"post","2":"type-post","3":"status-publish","4":"format-standard","5":"has-post-thumbnail","7":"category-lyon","8":"tag-actu","9":"tag-actualites","10":"tag-auvergne-rhone-alpes","11":"tag-eu","12":"tag-europe","13":"tag-fr","14":"tag-france","15":"tag-lyon","16":"tag-news","17":"tag-republique-francaise"},"share_on_mastodon":{"url":"https:\/\/pubeurope.com\/@fr\/115119418420413042","error":""},"_links":{"self":[{"href":"https:\/\/www.europesays.com\/fr\/wp-json\/wp\/v2\/posts\/355042","targetHints":{"allow":["GET"]}}],"collection":[{"href":"https:\/\/www.europesays.com\/fr\/wp-json\/wp\/v2\/posts"}],"about":[{"href":"https:\/\/www.europesays.com\/fr\/wp-json\/wp\/v2\/types\/post"}],"author":[{"embeddable":true,"href":"https:\/\/www.europesays.com\/fr\/wp-json\/wp\/v2\/users\/2"}],"replies":[{"embeddable":true,"href":"https:\/\/www.europesays.com\/fr\/wp-json\/wp\/v2\/comments?post=355042"}],"version-history":[{"count":0,"href":"https:\/\/www.europesays.com\/fr\/wp-json\/wp\/v2\/posts\/355042\/revisions"}],"wp:featuredmedia":[{"embeddable":true,"href":"https:\/\/www.europesays.com\/fr\/wp-json\/wp\/v2\/media\/355043"}],"wp:attachment":[{"href":"https:\/\/www.europesays.com\/fr\/wp-json\/wp\/v2\/media?parent=355042"}],"wp:term":[{"taxonomy":"category","embeddable":true,"href":"https:\/\/www.europesays.com\/fr\/wp-json\/wp\/v2\/categories?post=355042"},{"taxonomy":"post_tag","embeddable":true,"href":"https:\/\/www.europesays.com\/fr\/wp-json\/wp\/v2\/tags?post=355042"}],"curies":[{"name":"wp","href":"https:\/\/api.w.org\/{rel}","templated":true}]}}