{"id":355049,"date":"2025-08-30T19:44:12","date_gmt":"2025-08-30T19:44:12","guid":{"rendered":"https:\/\/www.europesays.com\/fr\/355049\/"},"modified":"2025-08-30T19:44:12","modified_gmt":"2025-08-30T19:44:12","slug":"un-defi-princier-pour-enchainer","status":"publish","type":"post","link":"https:\/\/www.europesays.com\/fr\/355049\/","title":{"rendered":"un d\u00e9fi princier pour encha\u00eener"},"content":{"rendered":"<p>Sur la sc\u00e8ne hexagonale, il n\u2019y aurait pu y avoir qu\u2019une seule affiche entre clubs europ\u00e9ens ce week-end. Elle est prestigieuse et d\u00e9cha\u00eene, depuis la supr\u00e9matie parisienne sur la Ligue\u00a01, bien plus les passions qu\u2019un classico  cr\u00e9\u00e9 de toutes pi\u00e8ces par une cha\u00eene crypt\u00e9e d\u00e9sormais en froid avec l\u2019un des jouets qui l\u2019a fait s\u2019enrichir dans les ann\u00e9es 80.<\/p>\n<p>Mais le Lyon\u00a0&#8211;\u00a0Marseille qui cl\u00f4t ce dimanche (20h45) cette 3e\u00a0 journ\u00e9e de Ligue\u00a01 n\u2019est, depuis jeudi, plus le seul \u201cchoc\u201d entre cylindr\u00e9es continentales. Et sous le prisme strasbourgeois, cela change beaucoup de choses, puisque c\u2019est le Racing qui a int\u00e9gr\u00e9 ce gotha.<\/p>\n<p>En gagnant jeudi soir \u00e0 Brondby (3-2), qui \u00e9tait venu une semaine \u00e0 la Meinau plus t\u00f4t instiller le doute dans son esprit (0-0), l\u2019imp\u00e9tueuse bande \u00e0 Liam Rosenior s\u2019est invit\u00e9e l\u00e0 o\u00f9 elle a pr\u00e9tendu, sans ciller, la saison pass\u00e9e que sa place devait \u00eatre.<\/p>\n<p>\u00ab\u00a0Ce n\u2019est pas le moment de penser \u00e0 autre chose que bien se pr\u00e9parer pour&#8230;                        <\/p>\n","protected":false},"excerpt":{"rendered":"Sur la sc\u00e8ne hexagonale, il n\u2019y aurait pu y avoir qu\u2019une seule affiche entre clubs europ\u00e9ens ce week-end.&hellip;\n","protected":false},"author":2,"featured_media":355050,"comment_status":"","ping_status":"","sticky":false,"template":"","format":"standard","meta":{"footnotes":""},"categories":[2820],"tags":[1111,11,2880,1777,674,107,63,1011,27,775,7020,12,41281,25,517,640,2879],"class_list":{"0":"post-355049","1":"post","2":"type-post","3":"status-publish","4":"format-standard","5":"has-post-thumbnail","7":"category-strasbourg","8":"tag-actu","9":"tag-actualites","10":"tag-edition-strasbourg","11":"tag-eu","12":"tag-europe","13":"tag-fil-info","14":"tag-football","15":"tag-fr","16":"tag-france","17":"tag-grand-est","18":"tag-ligue-1-football","19":"tag-news","20":"tag-racing-club-strasbourg-masculin","21":"tag-republique-francaise","22":"tag-sport","23":"tag-strasbourg","24":"tag-strasbourg-ville"},"share_on_mastodon":{"url":"https:\/\/pubeurope.com\/@fr\/115119434199661398","error":""},"_links":{"self":[{"href":"https:\/\/www.europesays.com\/fr\/wp-json\/wp\/v2\/posts\/355049","targetHints":{"allow":["GET"]}}],"collection":[{"href":"https:\/\/www.europesays.com\/fr\/wp-json\/wp\/v2\/posts"}],"about":[{"href":"https:\/\/www.europesays.com\/fr\/wp-json\/wp\/v2\/types\/post"}],"author":[{"embeddable":true,"href":"https:\/\/www.europesays.com\/fr\/wp-json\/wp\/v2\/users\/2"}],"replies":[{"embeddable":true,"href":"https:\/\/www.europesays.com\/fr\/wp-json\/wp\/v2\/comments?post=355049"}],"version-history":[{"count":0,"href":"https:\/\/www.europesays.com\/fr\/wp-json\/wp\/v2\/posts\/355049\/revisions"}],"wp:featuredmedia":[{"embeddable":true,"href":"https:\/\/www.europesays.com\/fr\/wp-json\/wp\/v2\/media\/355050"}],"wp:attachment":[{"href":"https:\/\/www.europesays.com\/fr\/wp-json\/wp\/v2\/media?parent=355049"}],"wp:term":[{"taxonomy":"category","embeddable":true,"href":"https:\/\/www.europesays.com\/fr\/wp-json\/wp\/v2\/categories?post=355049"},{"taxonomy":"post_tag","embeddable":true,"href":"https:\/\/www.europesays.com\/fr\/wp-json\/wp\/v2\/tags?post=355049"}],"curies":[{"name":"wp","href":"https:\/\/api.w.org\/{rel}","templated":true}]}}