{"id":355054,"date":"2025-08-30T19:47:14","date_gmt":"2025-08-30T19:47:14","guid":{"rendered":"https:\/\/www.europesays.com\/fr\/355054\/"},"modified":"2025-08-30T19:47:14","modified_gmt":"2025-08-30T19:47:14","slug":"avoirs-russes-geles-lue-doit-explorer-toutes-les-possibilites-selon-kallas","status":"publish","type":"post","link":"https:\/\/www.europesays.com\/fr\/355054\/","title":{"rendered":"Avoirs russes gel\u00e9s: l&rsquo;UE doit explorer toutes les possibilit\u00e9s, selon Kallas"},"content":{"rendered":"<p><a href=\"https:\/\/www.lalibre.be\/international\/europe\/guerre-ukraine-russie\/2025\/03\/06\/letat-belge-na-pas-le-droit-dutiliser-les-avoirs-russes-geles-pour-financer-sa-propre-defense-AONQ5H6ZD5G4VKNR5Z55Q3SSTA\/\" target=\"_blank\" rel=\"noopener noreferrer\" class=\"ap-StoryInterstitialLink ap-StoryElement ap-StoryElement--mb js-paywall-target\">L&rsquo;\u00c9tat belge n&rsquo;a pas le droit d&rsquo;utiliser les avoirs russes gel\u00e9s pour financer sa propre d\u00e9fense<\/a><\/p>\n<p class=\"ap-StoryElement ap-StoryElement--mb ap-StoryText\">Les avoirs de l&rsquo;\u00c9tat russe \u00e0 l&rsquo;\u00e9tranger ont \u00e9t\u00e9 gel\u00e9s apr\u00e8s l&rsquo;invasion de l&rsquo;Ukraine en f\u00e9vrier 2022. La plus grande partie, quelque 210 milliards d&rsquo;euros, se trouve en Belgique, pays membre de l&rsquo;UE. Les 27 \u00c9tats de l&rsquo;Union ont dans un premier temps d\u00e9cid\u00e9 d&rsquo;utiliser les int\u00e9r\u00eats g\u00e9n\u00e9r\u00e9s par ces avoirs, soit plusieurs milliards d&rsquo;euros par an, pour financer l&rsquo;effort de guerre de l&rsquo;Ukraine.<\/p>\n<p class=\"ap-StoryElement ap-StoryElement--mb ap-StoryText\">Apr\u00e8s des mois de discussions, les dirigeants du G7 avaient ensuite conclu un accord en octobre 2024 pour utiliser les int\u00e9r\u00eats g\u00e9n\u00e9r\u00e9s par ces avoirs pour garantir un pr\u00eat en faveur de l&rsquo;Ukraine, d&rsquo;un montant de 45 milliards d&rsquo;euros en ce qui concerne l&rsquo;Union europ\u00e9enne.<\/p>\n<p class=\"ap-StoryElement ap-StoryElement--mb ap-StoryText\">Mais plusieurs pays de l&rsquo;UE estiment d\u00e9sormais qu&rsquo;il faut aller plus loin, et certains sont favorables \u00e0 une utilisation du capital lui-m\u00eame, et pas seulement des int\u00e9r\u00eats.<\/p>\n<p><a href=\"https:\/\/www.lalibre.be\/international\/europe\/guerre-ukraine-russie\/2025\/05\/14\/guerre-en-ukraine-les-actifs-russes-geles-ont-genere-360-millions-deuros-de-recettes-pour-letat-belge-NIF2FAOCRZHWZKVNJXDLROTP6U\/\" target=\"_blank\" rel=\"noopener noreferrer\" class=\"ap-StoryInterstitialLink ap-StoryElement ap-StoryElement--mb\">Guerre en Ukraine : les actifs russes gel\u00e9s ont g\u00e9n\u00e9r\u00e9 360 millions d&rsquo;euros de recettes pour l&rsquo;Etat belge<\/a><\/p>\n<p class=\"ap-StoryElement ap-StoryElement--mb ap-StoryText\">D&rsquo;autres en revanche, comme la France, l&rsquo;Allemagne et les Pays-Bas, se montrent beaucoup plus prudents et soulignent qu&rsquo;une saisie de ces avoirs se heurte \u00e0 des obstacles juridiques et risque de d\u00e9stabiliser l&rsquo;euro en d\u00e9tournant de futurs investisseurs \u00e9trangers.<\/p>\n<p class=\"ap-StoryElement ap-StoryElement--mb ap-StoryText\">Des solutions de compromis sont sur la table des 27, dont l&rsquo;id\u00e9e, propos\u00e9e entre autres par la Lituanie, de consid\u00e9rer la saisie comme un pr\u00eat \u00e0 l&rsquo;Ukraine pour financer les dommages de guerre que la Russie devra verser \u00e0 l&rsquo;issue du conflit.<\/p>\n<p class=\"ap-StoryElement ap-StoryElement--mb ap-StoryText\">\u00ab\u00a0Tout le monde s&rsquo;accorde sur un point, \u00e0 savoir qu&rsquo;au vu des ravages que la Russie cause et a caus\u00e9s jusqu&rsquo;\u00e0 pr\u00e9sent en Ukraine, il est impensable qu&rsquo;elle puisse un jour r\u00e9cup\u00e9rer cet argent, \u00e0 moins qu&rsquo;elle n&rsquo;indemnise pleinement l&rsquo;Ukraine\u00a0\u00bb, a soulign\u00e9 Mme Kallas devant la presse.<\/p>\n<p class=\"ap-StoryElement ap-StoryElement--mb ap-StoryText\">Une autre id\u00e9e consisterait \u00e0 s&rsquo;orienter vers des investissements plus risqu\u00e9s pour g\u00e9n\u00e9rer davantage de profits.<\/p>\n<p class=\"ap-StoryElement ap-StoryElement--mb ap-StoryText\">Mais la Belgique, particuli\u00e8rement inqui\u00e8te des risques financiers pos\u00e9s, s&rsquo;est montr\u00e9e samedi hostile \u00e0 tout changement.<\/p>\n<p class=\"ap-StoryElement ap-StoryElement--mb ap-StoryText\">\u00ab\u00a0Changer la strat\u00e9gie d&rsquo;investissement n&rsquo;est pas non plus une option, car cela pourrait augmenter le niveau de risque, tant juridique que financier et judiciaire\u00a0\u00bb, a d\u00e9clar\u00e9 \u00e0 Copenhague le ministre belge des Affaires \u00e9trang\u00e8res Maxime Pr\u00e9vot, apr\u00e8s avoir r\u00e9it\u00e9r\u00e9 son opposition cat\u00e9gorique \u00e0 toute saisie des avoirs.<\/p>\n<p class=\"ap-StoryElement ap-StoryElement--mb ap-StoryText\">\u00ab\u00a0Travaillons donc \u00e0 att\u00e9nuer ces risques\u00a0\u00bb, a soulign\u00e9 pour sa part Mme Kallas.<\/p>\n","protected":false},"excerpt":{"rendered":"L&rsquo;\u00c9tat belge n&rsquo;a pas le droit d&rsquo;utiliser les avoirs russes gel\u00e9s pour financer sa propre d\u00e9fense Les avoirs&hellip;\n","protected":false},"author":2,"featured_media":355055,"comment_status":"","ping_status":"","sticky":false,"template":"","format":"standard","meta":{"footnotes":""},"categories":[1591],"tags":[11,523,2120,554,312,1887,5229,12,1885,1886,132,1778,220],"class_list":{"0":"post-355054","1":"post","2":"type-post","3":"status-publish","4":"format-standard","5":"has-post-thumbnail","7":"category-russie","8":"tag-actualites","9":"tag-banque","10":"tag-conflit","11":"tag-defense","12":"tag-diplomatie","13":"tag-federation-de-russie","14":"tag-kaja-kallas","15":"tag-news","16":"tag-russia","17":"tag-russian-federation","18":"tag-russie","19":"tag-ue","20":"tag-ukraine"},"share_on_mastodon":{"url":"https:\/\/pubeurope.com\/@fr\/115119446088483895","error":""},"_links":{"self":[{"href":"https:\/\/www.europesays.com\/fr\/wp-json\/wp\/v2\/posts\/355054","targetHints":{"allow":["GET"]}}],"collection":[{"href":"https:\/\/www.europesays.com\/fr\/wp-json\/wp\/v2\/posts"}],"about":[{"href":"https:\/\/www.europesays.com\/fr\/wp-json\/wp\/v2\/types\/post"}],"author":[{"embeddable":true,"href":"https:\/\/www.europesays.com\/fr\/wp-json\/wp\/v2\/users\/2"}],"replies":[{"embeddable":true,"href":"https:\/\/www.europesays.com\/fr\/wp-json\/wp\/v2\/comments?post=355054"}],"version-history":[{"count":0,"href":"https:\/\/www.europesays.com\/fr\/wp-json\/wp\/v2\/posts\/355054\/revisions"}],"wp:featuredmedia":[{"embeddable":true,"href":"https:\/\/www.europesays.com\/fr\/wp-json\/wp\/v2\/media\/355055"}],"wp:attachment":[{"href":"https:\/\/www.europesays.com\/fr\/wp-json\/wp\/v2\/media?parent=355054"}],"wp:term":[{"taxonomy":"category","embeddable":true,"href":"https:\/\/www.europesays.com\/fr\/wp-json\/wp\/v2\/categories?post=355054"},{"taxonomy":"post_tag","embeddable":true,"href":"https:\/\/www.europesays.com\/fr\/wp-json\/wp\/v2\/tags?post=355054"}],"curies":[{"name":"wp","href":"https:\/\/api.w.org\/{rel}","templated":true}]}}