{"id":355056,"date":"2025-08-30T19:48:14","date_gmt":"2025-08-30T19:48:14","guid":{"rendered":"https:\/\/www.europesays.com\/fr\/355056\/"},"modified":"2025-08-30T19:48:14","modified_gmt":"2025-08-30T19:48:14","slug":"cest-un-echec-absolument-incroyable-estime-bernard-guetta-depute-europeen-du-groupe-renew","status":"publish","type":"post","link":"https:\/\/www.europesays.com\/fr\/355056\/","title":{"rendered":"\u00ab\u00a0C&rsquo;est un \u00e9chec absolument incroyable\u00a0\u00bb, estime Bernard Guetta, d\u00e9put\u00e9 europ\u00e9en du groupe Renew"},"content":{"rendered":"<p>Guerre en Ukraine: \u00ab\u00a0C&rsquo;est un \u00e9chec absolument incroyable\u00a0\u00bb, estime Bernard Guetta, d\u00e9put\u00e9 europ\u00e9en du groupe RenewSur le m\u00eame sujet<a href=\"https:\/\/www.bfmtv.com\/international\/asie\/russie\/video-guerre-en-ukraine-c-est-un-echec-absolument-incroyable-estime-bernard-guetta-depute-europeen-du-groupe-renew_VN-202508300315.html\" title=\"Guerre en Ukraine: &quot;C&#039;est un \u00e9chec absolument incroyable&quot;, estime Bernard Guetta, d\u00e9put\u00e9 europ\u00e9en du groupe Renew\" rel=\"nofollow noopener\" target=\"_blank\"><img width=\"16\" height=\"9\" class=\"lozad\"  alt=\"Guerre en Ukraine: &quot;C'est un \u00e9chec absolument incroyable&quot;, estime Bernard Guetta, d\u00e9put\u00e9 europ\u00e9en du groupe Renew\"\/>en lectureGuerre en Ukraine: \u00ab\u00a0C&rsquo;est un \u00e9chec absolument incroyable\u00a0\u00bb, estime Bernard Guetta, d\u00e9put\u00e9 europ\u00e9en du groupe Renew<\/a><a href=\"https:\/\/www.bfmtv.com\/international\/asie\/russie\/video-avenir-de-la-france-et-de-l-europe-j-ai-peur-je-suis-tres-inquiet-avoue-bernard-guetta-depute-europeen-du-groupe-renew_VN-202508300314.html\" title=\"Avenir de la France et de l&#039;Europe: &quot;J&#039;ai peur, je suis tr\u00e8s inquiet&quot;, avoue Bernard Guetta, d\u00e9put\u00e9 europ\u00e9en du groupe Renew\" rel=\"nofollow noopener\" target=\"_blank\"><img width=\"16\" height=\"9\" class=\"lozad\"  alt=\"Avenir de la France et de l'Europe: &quot;J'ai peur, je suis tr\u00e8s inquiet&quot;, avoue Bernard Guetta, d\u00e9put\u00e9 europ\u00e9en du groupe Renew\"\/>0:41Avenir de la France et de l&rsquo;Europe: \u00ab\u00a0J&rsquo;ai peur, je suis tr\u00e8s inquiet\u00a0\u00bb, avoue Bernard Guetta, d\u00e9put\u00e9 europ\u00e9en du groupe Renew<\/a><a href=\"https:\/\/www.bfmtv.com\/international\/asie\/russie\/video-la-ville-de-zaporijia-en-ukraine-a-ete-touchee-par-de-nouvelles-frappes-russes_VN-202508300199.html\" title=\"La ville de Zaporijia en Ukraine a \u00e9t\u00e9 touch\u00e9e par de nouvelles frappes russes\" rel=\"nofollow noopener\" target=\"_blank\"><img width=\"16\" height=\"9\" class=\"lozad\"  alt=\"La ville de Zaporijia en Ukraine a \u00e9t\u00e9 touch\u00e9e par de nouvelles frappes russes\"\/>1:57La ville de Zaporijia en Ukraine a \u00e9t\u00e9 touch\u00e9e par de nouvelles frappes russes<\/a><a href=\"https:\/\/www.bfmtv.com\/international\/asie\/russie\/video-guerre-en-ukraine-pokrovsk-c-est-un-peu-le-verdun-de-l-ukraine-amiral-jean-louis-vichot-ancien-chef-de-mission-militaire-francaise-aupres-de-l-otan_VN-202508290811.html\" title=\"Guerre en Ukraine: &quot;Pokrovsk, c&#039;est un peu le Verdun de l&#039;Ukraine&quot;, Amiral Jean-Louis Vichot, ancien chef de mission militaire fran\u00e7aise aupr\u00e8s de l&#039;OTAN\" rel=\"nofollow noopener\" target=\"_blank\"><img width=\"16\" height=\"9\" class=\"lozad\"  alt=\"Guerre en Ukraine: &quot;Pokrovsk, c'est un peu le Verdun de l'Ukraine&quot;, Amiral Jean-Louis Vichot, ancien chef de mission militaire fran\u00e7aise aupr\u00e8s de l'OTAN\"\/>1:42Guerre en Ukraine: \u00ab\u00a0Pokrovsk, c&rsquo;est un peu le Verdun de l&rsquo;Ukraine\u00a0\u00bb, Amiral Jean-Louis Vichot, ancien chef de mission militaire fran\u00e7aise aupr\u00e8s de l&rsquo;OTAN<\/a><a href=\"https:\/\/www.bfmtv.com\/international\/asie\/russie\/video-100-000-soldats-russes-deployes-pres-de-la-ville-ukrainienne-de-pokrovsk-situation-preoccupante-juge-le-president-zelensky_VN-202508290760.html\" title=\"100 000 soldats russes d\u00e9ploy\u00e9s pr\u00e8s de la ville ukrainienne de Pokrovsk &quot;situation pr\u00e9occupante&quot;, juge le pr\u00e9sident Zelensky\" rel=\"nofollow noopener\" target=\"_blank\"><img width=\"16\" height=\"9\" class=\"lozad\"  alt=\"100 000 soldats russes d\u00e9ploy\u00e9s pr\u00e8s de la ville ukrainienne de Pokrovsk &quot;situation pr\u00e9occupante&quot;, juge le pr\u00e9sident Zelensky\"\/>1:56100 000 soldats russes d\u00e9ploy\u00e9s pr\u00e8s de la ville ukrainienne de Pokrovsk \u00ab\u00a0situation pr\u00e9occupante\u00a0\u00bb, juge le pr\u00e9sident Zelensky<\/a><a href=\"https:\/\/www.bfmtv.com\/politique\/video-emmanuel-macron-il-est-hors-de-question-pour-lui-de-lacher-cette-presidence-de-la-republique-observe-jeremy-trottin-editorialiste-politique-bfmtv_VN-202508290585.html\" title=\"Emmanuel Macron: &quot;Il est hors de question, pour lui, de l\u00e2cher cette pr\u00e9sidence de la R\u00e9publique&quot;, observe J\u00e9r\u00e9my Trottin, \u00e9ditorialiste politique BFMTV\" rel=\"nofollow noopener\" target=\"_blank\"><img width=\"16\" height=\"9\" class=\"lozad\"  alt=\"Emmanuel Macron: &quot;Il est hors de question, pour lui, de l\u00e2cher cette pr\u00e9sidence de la R\u00e9publique&quot;, observe J\u00e9r\u00e9my Trottin, \u00e9ditorialiste politique BFMTV\"\/>1:14Emmanuel Macron: \u00ab\u00a0Il est hors de question, pour lui, de l\u00e2cher cette pr\u00e9sidence de la R\u00e9publique\u00a0\u00bb, observe J\u00e9r\u00e9my Trottin, \u00e9ditorialiste politique BFMTV<\/a><a href=\"https:\/\/www.bfmtv.com\/international\/asie\/russie\/video-guerre-en-ukraine-emmanuel-macron-qualifie-vladimir-poutine-d-insincere_VN-202508290571.html\" title=\"Guerre en Ukraine: Emmanuel Macron qualifie Vladimir Poutine d&#039;&quot;insinc\u00e8re&quot;\" rel=\"nofollow noopener\" target=\"_blank\"><img width=\"16\" height=\"9\" class=\"lozad\"  alt=\"Guerre en Ukraine: Emmanuel Macron qualifie Vladimir Poutine d'&quot;insinc\u00e8re&quot;\"\/>1:10Guerre en Ukraine: Emmanuel Macron qualifie Vladimir Poutine d'\u00a0\u00bbinsinc\u00e8re\u00a0\u00bb<\/a><a href=\"https:\/\/www.bfmtv.com\/international\/asie\/russie\/video-la-russie-connait-une-recrudescence-de-cas-de-vih-inedite-notamment-depuis-le-debut-de-la-guerre-en-ukraine_VN-202508290503.html\" title=\"La Russie conna\u00eet une recrudescence de cas de VIH in\u00e9dite, notamment depuis le d\u00e9but de la guerre en Ukraine \" rel=\"nofollow noopener\" target=\"_blank\"><img width=\"16\" height=\"9\" class=\"lozad\"  alt=\"La Russie conna\u00eet une recrudescence de cas de VIH in\u00e9dite, notamment depuis le d\u00e9but de la guerre en Ukraine \"\/>2:01La Russie conna\u00eet une recrudescence de cas de VIH in\u00e9dite, notamment depuis le d\u00e9but de la guerre en Ukraine<\/a><a href=\"https:\/\/www.bfmtv.com\/international\/asie\/russie\/video-donald-trump-pas-content-mais-pas-surpris-des-dernieres-frappes-russes-sur-kiev_VN-202508290096.html\" title=\"Donald Trump &quot;pas content&quot; mais &quot;pas surpris&quot; des derni\u00e8res frappes russes sur Kiev\" rel=\"nofollow noopener\" target=\"_blank\"><img width=\"16\" height=\"9\" class=\"lozad\"  alt=\"Donald Trump &quot;pas content&quot; mais &quot;pas surpris&quot; des derni\u00e8res frappes russes sur Kiev\"\/>0:32Donald Trump \u00ab\u00a0pas content\u00a0\u00bb mais \u00ab\u00a0pas surpris\u00a0\u00bb des derni\u00e8res frappes russes sur Kiev<\/a><a href=\"https:\/\/www.bfmtv.com\/international\/asie\/russie\/video-bombardements-russes-sur-kiev-les-frappes-sont-efficaces-se-rejouit-dmitri-peskov-porte-parole-du-kremlin_VN-202508280827.html\" title=\"Bombardements russes sur Kiev: &quot;Les frappes sont efficaces&quot;, se r\u00e9jouit Dmitri Peskov, porte-parole du Kremlin\" rel=\"nofollow noopener\" target=\"_blank\"><img width=\"16\" height=\"9\" class=\"lozad\"  alt=\"Bombardements russes sur Kiev: &quot;Les frappes sont efficaces&quot;, se r\u00e9jouit Dmitri Peskov, porte-parole du Kremlin\"\/>0:42Bombardements russes sur Kiev: \u00ab\u00a0Les frappes sont efficaces\u00a0\u00bb, se r\u00e9jouit Dmitri Peskov, porte-parole du Kremlin<\/a><a href=\"https:\/\/www.bfmtv.com\/international\/asie\/russie\/video-frappes-russes-sur-kiev-au-moins-17-morts-dont-quatre-enfants_VN-202508280580.html\" title=\"Frappes russes sur Kiev: au moins 17 morts dont quatre enfants\" rel=\"nofollow noopener\" target=\"_blank\"><img width=\"16\" height=\"9\" class=\"lozad\"  alt=\"Frappes russes sur Kiev: au moins 17 morts dont quatre enfants\"\/>1:28Frappes russes sur Kiev: au moins 17 morts dont quatre enfants<\/a><a href=\"https:\/\/www.bfmtv.com\/international\/asie\/russie\/video-guerre-en-ukraine-une-importante-attaque-russe-contre-kiev-fait-au-moins-14-morts_VN-202508280442.html\" title=\"Guerre en Ukraine: une importante attaque russe contre Kiev fait au moins 14 morts \" rel=\"nofollow noopener\" target=\"_blank\"><img width=\"16\" height=\"9\" class=\"lozad\"  alt=\"Guerre en Ukraine: une importante attaque russe contre Kiev fait au moins 14 morts \"\/>0:44Guerre en Ukraine: une importante attaque russe contre Kiev fait au moins 14 morts<\/a><a href=\"https:\/\/www.bfmtv.com\/international\/asie\/russie\/video-frappes-russes-sur-kiev-a-l-interieur-du-batiment-de-l-ue-a-cause-de-l-effet-de-souffle-il-y-a-des-degats-indique-l-ambassadeur-de-france-en-ukraine_VN-202508280404.html\" title=\"Frappes russes sur Kiev: &quot;\u00c0 l&#039;int\u00e9rieur du b\u00e2timent de l&#039;UE, \u00e0 cause de l&#039;effet de souffle, il y a des d\u00e9g\u00e2ts&quot;, indique l&#039;ambassadeur de France en Ukraine\" rel=\"nofollow noopener\" target=\"_blank\"><img width=\"16\" height=\"9\" class=\"lozad\"  alt=\"Frappes russes sur Kiev: &quot;\u00c0 l'int\u00e9rieur du b\u00e2timent de l'UE, \u00e0 cause de l'effet de souffle, il y a des d\u00e9g\u00e2ts&quot;, indique l'ambassadeur de France en Ukraine\"\/>0:30Frappes russes sur Kiev: \u00ab\u00a0\u00c0 l&rsquo;int\u00e9rieur du b\u00e2timent de l&rsquo;UE, \u00e0 cause de l&rsquo;effet de souffle, il y a des d\u00e9g\u00e2ts\u00a0\u00bb, indique l&rsquo;ambassadeur de France en Ukraine<\/a><a href=\"https:\/\/www.bfmtv.com\/international\/asie\/russie\/video-selon-gael-veyssiere-ambassadeur-de-france-en-ukraine-la-population-ukrainienne-attend-des-pressions-sur-la-russie-pour-l-obliger-a-venir-a-la-table-des-negociations_VN-202508280398.html\" title=\"Selon Ga\u00ebl Veyssi\u00e8re, ambassadeur de France en Ukraine, la population ukrainienne &quot;attend des pressions sur la Russie pour l&#039;obliger \u00e0 venir \u00e0 la table des n\u00e9gociations&quot;\" rel=\"nofollow noopener\" target=\"_blank\"><img width=\"16\" height=\"9\" class=\"lozad\"  alt=\"Selon Ga\u00ebl Veyssi\u00e8re, ambassadeur de France en Ukraine, la population ukrainienne &quot;attend des pressions sur la Russie pour l'obliger \u00e0 venir \u00e0 la table des n\u00e9gociations&quot;\"\/>1:34Selon Ga\u00ebl Veyssi\u00e8re, ambassadeur de France en Ukraine, la population ukrainienne \u00ab\u00a0attend des pressions sur la Russie pour l&rsquo;obliger \u00e0 venir \u00e0 la table des n\u00e9gociations\u00a0\u00bb<\/a><a class=\"jumpToVideo\" target=\"_blank\"><img class=\"thumbnailPreview\"\/><\/a><\/p>\n","protected":false},"excerpt":{"rendered":"Guerre en Ukraine: \u00ab\u00a0C&rsquo;est un \u00e9chec absolument incroyable\u00a0\u00bb, estime Bernard Guetta, d\u00e9put\u00e9 europ\u00e9en du groupe RenewSur le m\u00eame&hellip;\n","protected":false},"author":2,"featured_media":355057,"comment_status":"","ping_status":"","sticky":false,"template":"","format":"standard","meta":{"footnotes":""},"categories":[1590],"tags":[11,1777,674,12,220],"class_list":{"0":"post-355056","1":"post","2":"type-post","3":"status-publish","4":"format-standard","5":"has-post-thumbnail","7":"category-ukraine","8":"tag-actualites","9":"tag-eu","10":"tag-europe","11":"tag-news","12":"tag-ukraine"},"share_on_mastodon":{"url":"https:\/\/pubeurope.com\/@fr\/115119449957478039","error":""},"_links":{"self":[{"href":"https:\/\/www.europesays.com\/fr\/wp-json\/wp\/v2\/posts\/355056","targetHints":{"allow":["GET"]}}],"collection":[{"href":"https:\/\/www.europesays.com\/fr\/wp-json\/wp\/v2\/posts"}],"about":[{"href":"https:\/\/www.europesays.com\/fr\/wp-json\/wp\/v2\/types\/post"}],"author":[{"embeddable":true,"href":"https:\/\/www.europesays.com\/fr\/wp-json\/wp\/v2\/users\/2"}],"replies":[{"embeddable":true,"href":"https:\/\/www.europesays.com\/fr\/wp-json\/wp\/v2\/comments?post=355056"}],"version-history":[{"count":0,"href":"https:\/\/www.europesays.com\/fr\/wp-json\/wp\/v2\/posts\/355056\/revisions"}],"wp:featuredmedia":[{"embeddable":true,"href":"https:\/\/www.europesays.com\/fr\/wp-json\/wp\/v2\/media\/355057"}],"wp:attachment":[{"href":"https:\/\/www.europesays.com\/fr\/wp-json\/wp\/v2\/media?parent=355056"}],"wp:term":[{"taxonomy":"category","embeddable":true,"href":"https:\/\/www.europesays.com\/fr\/wp-json\/wp\/v2\/categories?post=355056"},{"taxonomy":"post_tag","embeddable":true,"href":"https:\/\/www.europesays.com\/fr\/wp-json\/wp\/v2\/tags?post=355056"}],"curies":[{"name":"wp","href":"https:\/\/api.w.org\/{rel}","templated":true}]}}