{"id":355060,"date":"2025-08-30T19:50:17","date_gmt":"2025-08-30T19:50:17","guid":{"rendered":"https:\/\/www.europesays.com\/fr\/355060\/"},"modified":"2025-08-30T19:50:17","modified_gmt":"2025-08-30T19:50:17","slug":"a-calais-pour-les-personnes-exilees-le-flou-regne-autour-de-laccord-franco-britannique","status":"publish","type":"post","link":"https:\/\/www.europesays.com\/fr\/355060\/","title":{"rendered":"\u00c0 Calais, pour les personnes exil\u00e9es, le flou r\u00e8gne autour de l&rsquo;accord franco-britannique"},"content":{"rendered":"<p>Un terrain vague, et au loin, des dizaines de tentes amass\u00e9es dans un hangar. \u00c0 Calais, en cette fin de mois d\u2019ao\u00fbt, c\u2019est devenu le <strong>plus grand lieu<\/strong> de vie des personnes exil\u00e9es, rassemblant pr\u00e8s de 300\u00a0personnes selon les associations. Gloria, responsable de l\u2019organisation <a href=\"https:\/\/laubergedesmigrants.fr\/fr\/nos-actions\/channel-info-project\/\" target=\"_blank\" rel=\"noreferrer noopener nofollow\">Channel Info Project <\/a>et quatre autres b\u00e9n\u00e9voles s\u2019activent \u00e0 disposer les tables et prises \u00e9lectriques qui servent de point de charge aux habitants du lieu. Une autre table est mise juste \u00e0 c\u00f4t\u00e9 avec un panneau \u00ab\u00a0Info\u00a0\u00bb traduit en une dizaine de langues.<\/p>\n<p>Plusieurs personnes commencent \u00e0 arriver. Une ligne se cr\u00e9e pour attendre le petit d\u00e9jeuner donn\u00e9 par <a href=\"https:\/\/www.associationsalam.org\/\" target=\"_blank\" rel=\"noreferrer noopener nofollow\">l\u2019association Salam<\/a>. Quelques fruits, un caf\u00e9. Gloria en profite pour donner une <strong>nouvelle notice<\/strong> d\u2019information\u00a0: <a href=\"https:\/\/www.politis.fr\/articles\/2025\/07\/entretien-amelie-moyart-utopia-56-ils-parlent-dechange-de-migrants-comme-si-les-personnes-etaient-des-objets\/\" target=\"_blank\" rel=\"noreferrer noopener nofollow\">l\u2019accord franco-britannique<\/a> entr\u00e9 en vigueur le 6 ao\u00fbt dernier. Celui-ci pr\u00e9voit notamment que le Royaume-Uni mette en place une proc\u00e9dure l\u00e9gale d\u2019arriv\u00e9e pour certaines personnes remplissant les conditions fix\u00e9es par le gouvernement avec, en contrepartie, le renvoi vers la France de personnes ayant travers\u00e9 la Manche.<\/p>\n<p>La plupart n\u2019en ont jamais entendu parler. Petit \u00e0 petit, l\u2019info circule et certains jeunes hommes viennent directement la demander. Ils lisent la notice attentivement, contenant des renseignements sur la proc\u00e9dure.<\/p>\n<p>            <a href=\"https:\/\/www.politis.fr\/articles\/2025\/07\/entretien-amelie-moyart-utopia-56-ils-parlent-dechange-de-migrants-comme-si-les-personnes-etaient-des-objets\/\" target=\"_blank\" class=\" gt_sujet\" rel=\"nofollow noopener\"><\/p>\n<p>            <strong>Sur le m\u00eame sujet :<\/strong> \u00ab\u00a0Ils parlent d\u2019\u00e9change de migrants comme si les personnes \u00e9taient des objets\u00a0\u00bb<\/p>\n<p>    <\/a><\/p>\n<p>\u00ab Les gens ne savent pas \u00bb<\/p>\n<p>Mohammed vient du Soudan. Il est arriv\u00e9 en France il y a un an, \u00e0 l\u2019\u00e2ge de 22 ans. Cela fait trois jours qu\u2019il est arriv\u00e9 \u00e0 Calais. Il n\u2019avait jamais entendu parler de cette possibilit\u00e9\u00a0: \u00ab\u00a0Oui je vais peut-\u00eatre essayer\u00a0\u00bb, r\u00e9pond-il sans trop y croire. En deux heures, une cinquantaine de notices ont \u00e9t\u00e9 distribu\u00e9es. \u00ab\u00a0Comme \u00e0 l\u2019\u00e9poque pour le Rwanda [accord d\u2019expulsion de personnes exil\u00e9es entr\u00e9es ill\u00e9galement sur le territoire anglais vers le Rwanda sign\u00e9 en 2022, N.D.L.R.], les gens ne savent pas. Et puis m\u00eame si ils sont au courant, il n\u2019ont pas forc\u00e9ment acc\u00e8s \u00e0 Internet, c\u2019est trop compliqu\u00e9\u00a0\u00bb, explique Gloria.<\/p>\n<blockquote class=\"wp-block-quote is-layout-flow wp-block-quote-is-layout-flow\">\n<p>Tout le monde travaille ensemble, il y a beaucoup d\u2019\u00e9changes d\u2019informations entre les ONG du Royaume-Uni et de France.<\/p>\n<p>O. Clark<\/p><\/blockquote>\n<p>Du c\u00f4t\u00e9 associatif, on reste aussi <strong>dubitatif<\/strong>. Certains s\u2019interrogent, d\u2019autres ne se sentent pas l\u00e9gitimes pour r\u00e9pondre aux inqui\u00e9tudes. En r\u00e9alit\u00e9, tr\u00e8s peu d\u2019informations officielles sont disponibles. Alors, \u00ab\u00a0tout le monde travaille ensemble, il y a beaucoup d\u2019\u00e9changes d\u2019informations entre les ONG du Royaume-Uni et de France\u00a0\u00bb, relate Olivia Clark, directrice de <a href=\"https:\/\/refugeelegalsupport.org\/news\/\" target=\"_blank\" rel=\"noreferrer noopener nofollow\">Refugee Legal Support<\/a> (RLS), ONG bas\u00e9e en Angleterre.<\/p>\n<p><a href=\"https:\/\/www.europesays.com\/fr\/wp-content\/uploads\/2025\/08\/DSC027051-1024x684.jpg\" class=\"zoom\"><img fetchpriority=\"high\" decoding=\"async\" width=\"1024\" height=\"684\" src=\"https:\/\/www.europesays.com\/fr\/wp-content\/uploads\/2025\/08\/DSC027051-1024x684.jpg\" alt=\"\" class=\"wp-image-403788\"  \/><\/a>Plusieurs fois par semaine, l\u2019association Channel Info Project met en place un point de charge permettant aussi de donner des informations aux personnes exil\u00e9es du lieu de vie. (Photo : \u00c9lise Leclercq.)<\/p>\n<p>\u00ab\u00a0Nous n\u2019avons eu aucune informations si ce n\u2019est celles de Refugee Legal Support\u00a0\u00bb, pr\u00e9cise Gloria. L\u2019association anglaise a \u00e9t\u00e9 <strong>la premi\u00e8re<\/strong> \u00e0 communiquer sur le sujet et \u00e0 diffuser les informations obtenues. Car de l\u2019autre cot\u00e9 de la fronti\u00e8re, les associations s\u2019activent tout autant\u00a0: \u00ab\u00a0C\u2019est notre principale pr\u00e9occupation\u00a0\u00bb, l\u00e2che, dans un souffle, Olivia Clark. En outre, se pose la question de la proc\u00e9dure qui n\u2019est, selon elle, \u00ab\u00a0pas con\u00e7ue pour aider les personnes les plus susceptibles d\u2019entreprendre ces voyages dangereux \u00e0 \u00eatre \u00e9ligibles\u00a0\u00bb.<\/p>\n<p>Une proc\u00e9dure in\u00e9galitaire<\/p>\n<p>Elle donne l\u2019exemple des personnes venues d\u2019\u00c9rythr\u00e9e\u00a0: pour ce pays, presque aucune personne n\u2019a de papiers d\u2019identit\u00e9\u00a0\u2013 le gouvernement ne leur ayant pas d\u00e9livr\u00e9 de passeport. Mais, pour faire la demande en ligne, il faut une <strong>pi\u00e8ce d\u2019identit\u00e9<\/strong>. Or les \u00c9rythr\u00e9ens comptent parmi les nationalit\u00e9s les plus nombreuses \u00e0 entreprendre le dangereux voyage en bateau vers le Royaume-Uni et leur taux d\u2019acceptation des services aux r\u00e9fugi\u00e9s outre-Manche est tr\u00e8s \u00e9lev\u00e9. \u00ab\u00a0Ils constituent donc des candidats id\u00e9aux, mais aucun d\u2019entre eux ne peut postuler\u00a0\u00bb, ajoute-t-elle.<\/p>\n<p>Une absurdit\u00e9 pour la directrice qui voit aussi un autre probl\u00e8me majeur dans cette proc\u00e9dure : il n\u2019y a pas de <strong>droit d\u2019appel <\/strong>pour ce programme. \u00ab\u00a0Nous avons donc soutenu de nombreuses personnes dont la demande a \u00e9t\u00e9 rejet\u00e9e pour des raisons absurdes et qui n\u2019ont pas pu faire appel. Ils ont perdu leur seule chance de postuler.\u00a0\u00bb<\/p>\n<p>            <a href=\"https:\/\/www.politis.fr\/articles\/2024\/09\/analyse-immigration-comment-leurope-se-durcit\/\" target=\"_blank\" class=\" gt_sujet\" rel=\"nofollow noopener\"><\/p>\n<p>            <strong>Sur le m\u00eame sujet :<\/strong> Immigration\u00a0: comment l\u2019Europe se durcit<\/p>\n<p>    <\/a><\/p>\n<p>Cet accord s\u2019inscrit clairement dans la volont\u00e9 de \u00ab\u00a0lutter contre l\u2019immigration ill\u00e9gale\u00a0\u00bb, v\u00e9ritable obsession de <a href=\"https:\/\/www.politis.fr\/articles\/2024\/10\/politique-bruno-retailleau-le-beauvau-de-la-honte\/\" rel=\"nofollow noopener\" target=\"_blank\">Bruno Retailleau<\/a>. L\u2019objectif est la dissuasion\u00a0: l\u2019Angleterre serait trop \u00ab\u00a0attractive\u00a0\u00bb, selon ses termes. La r\u00e9alit\u00e9 est bien plus <strong>nuanc\u00e9e<\/strong>. La plupart des personnes interrog\u00e9es par RLS ont d\u00e9clar\u00e9 que \u00ab\u00a0postuler \u00e9tait inutile, faute d\u2019informations suffisantes\u00a0\u00bb. Les d\u00e9lais des r\u00e9ponses n\u2019ont pas \u00e9t\u00e9 pr\u00e9cis\u00e9s et seront probablement tr\u00e8s longs, jusqu\u2019\u00e0 plusieurs mois.<\/p>\n<p>2\u00a0500 passages en une semaine<\/p>\n<p>Alors certains estiment qu\u2019ils ne peuvent pas attendre aussi longtemps. Olivia Clark raconte\u00a0: \u00ab\u00a0J\u2019ai parl\u00e9 hier \u00e0 Dunkerque \u00e0 une jeune Afghane. Elle m\u2019a dit qu\u2019elle avait de jeunes enfants et qu\u2019elle ne voulait pas prendre le bateau, car elle a peur qu\u2019aucun ne sache nager. Mais l\u2019hiver approche, et ils vivent sous une tente depuis un mois, et ne veut pas vivre en hiver dans ces conditions.\u00a0\u00bb<\/p>\n<blockquote class=\"wp-block-quote is-layout-flow wp-block-quote-is-layout-flow\">\n<p>Il faudrait que les personnes soient au courant avant de partir. Et quand elles arrivent ici, elles ont d\u00e9j\u00e0 fait 90% de leur trajet.<\/p>\n<p>Agathe<\/p><\/blockquote>\n<p>Les d\u00e9parts ont donc continu\u00e9. Pour atteindre 2\u00a0500 passages en une semaine au d\u00e9but du mois, selon les associations. En cause, la m\u00e9t\u00e9o cl\u00e9mente qui favorise les travers\u00e9es. Le lieu de vie est alors plut\u00f4t calme. \u00ab\u00a0D\u00e9sormais la norme c\u2019est que la situation \u00e9volue seulement avec la m\u00e9t\u00e9o\u00a0\u00bb, souligne Ang\u00e8le, coordinatrice d\u2019<a href=\"https:\/\/utopia56.org\" rel=\"nofollow noopener\" target=\"_blank\">Utopia\u00a056 \u00e0 Calais<\/a>. Pour elle comme pour Agathe, responsable \u00e0 <a href=\"https:\/\/humanrightsobservers.org\/fr\/\" target=\"_blank\" rel=\"noreferrer noopener nofollow\">Human Rights Observers<\/a>, l\u2019accord ne va pas dissuader de tenter la travers\u00e9e\u00a0: \u00ab\u00a0Il faudrait d\u00e9j\u00e0 que les personnes soient au courant avant de partir. Et quand elles arrivent ici, elles ont d\u00e9j\u00e0 fait 90\u00a0% de leur trajet.\u00a0\u00bb<\/p>\n<p><a href=\"https:\/\/www.europesays.com\/fr\/wp-content\/uploads\/2025\/08\/DSC02712-1024x684.jpg\" class=\"zoom\"><img loading=\"lazy\" decoding=\"async\" width=\"1024\" height=\"684\" src=\"https:\/\/www.europesays.com\/fr\/wp-content\/uploads\/2025\/08\/DSC02712-1024x684.jpg\" alt=\"\" class=\"wp-image-403794\"  \/><\/a>Le point de charge permet un moment d\u2019\u00e9changes avec les personnes exil\u00e9es.\u00a0 D\u2019autres associations sont \u00e9galement pr\u00e9sentes, notamment Human Rights Observers. (Photo : \u00c9lise Leclercq.)<\/p>\n<p>\u00ab\u00a0Tout le monde essaie de candidater, ils ont de l\u2019espoir. Mais je crains que cela ne cr\u00e9e beaucoup de frustrations et d\u2019in\u00e9galit\u00e9 entre les communaut\u00e9s mais aussi entre les personnes qui ont r\u00e9ussi \u00e0 garder leurs papiers d\u2019identit\u00e9 jusqu\u2019ici malgr\u00e9 les expulsions et les conditions de leur passage\u00a0\u00bb, continue Olivia Clark.<\/p>\n<p>\u00ab\u00a0One in, one out\u00a0\u00bb<\/p>\n<p>Un tri jug\u00e9 par toutes et tous <strong>d\u00e9shumanisant<\/strong>. \u00ab\u00a0Nous aimerions que le gouvernement ouvre davantage de voies d\u2019acc\u00e8s s\u00fbres et l\u00e9gales au Royaume-Uni, mais cet accord revient \u00e0 \u00e9changer des vies humaines. Pour qu\u2019une personne arrive en toute s\u00e9curit\u00e9, c\u2019est au prix de l\u2019expulsion d\u2019une autre personne\u00a0\u00bb, explique Olivia Clark. Car le principe est celui-ci : \u00ab\u00a0one in, one out\u00a0\u00bb, litt\u00e9ralement \u00ab\u00a0une entr\u00e9e, un d\u00e9part\u00a0\u00bb. Une pratique largement d\u00e9nonc\u00e9e par les d\u00e9fenseur\u00b7ses des droits humains. \u00ab\u00a0C\u2019est une solution choc avec, encore une fois, une mesure qui ignore les conditions de vie des personnes exil\u00e9es. Le gouvernement anglais est en crise et l\u2019extr\u00eame droite en profite\u00a0\u00bb, souligne Ang\u00e8le.<\/p>\n<p>Selon Pierre Makhlouf de <a href=\"https:\/\/www.biduk.org\/\" target=\"_blank\" rel=\"noreferrer noopener nofollow\">l\u2019association Bail for Immigrants Detainees<\/a>, 38 personnes au moins ont \u00e9t\u00e9 plac\u00e9s en d\u00e9tention en Angleterre, apr\u00e8s avoir \u00e9t\u00e9 notifi\u00e9es de leur possibilit\u00e9 de renvoi en France. Interrog\u00e9 par Politis, le directeur juridique de l\u2019association explique que les personnes\u00a0\u2013 pour la plupart venues du Soudan ou d\u2019\u00c9rythr\u00e9e\u00a0\u2013, n\u2019\u00e9taient pas au courant de ce nouveau dispositif. L\u2019association qui soutient les personnes exil\u00e9es en d\u00e9tention a r\u00e9alis\u00e9 <strong>un guide <\/strong>disponible sur leur site pour pallier ce manque. <a href=\"https:\/\/www.biduk.org\/articles\/new-guide-for-people-in-detention-facing-removal-to-france\" target=\"_blank\" rel=\"noreferrer noopener nofollow\">La proc\u00e9dure d\u2019expulsion devrait prendre au total environ trois mois<\/a>.<\/p>\n<p>            <a href=\"https:\/\/www.politis.fr\/articles\/2024\/09\/a-calais-la-mort-se-voit-un-peu-partout\/\" target=\"_blank\" class=\" gt_sujet\" rel=\"nofollow noopener\"><\/p>\n<p>            <strong>Sur le m\u00eame sujet :<\/strong> \u00c0 Calais, \u00ab\u00a0la mort se voit un peu partout\u00a0\u00bb<\/p>\n<p>    <\/a><\/p>\n<p>\u00ab\u00a0La pression est mise sur le gouvernement anglais pour faire vite\u00a0\u00bb, analyse-t-il. Mais \u00e0 quel prix\u00a0? Un premier entretien r\u00e9alis\u00e9 d\u00e8s l\u2019arriv\u00e9e des personnes sur le territoire, fatigu\u00e9es de leur p\u00e9riple, parfois m\u00eame sans assez de traducteurs\u2026 et sur quels crit\u00e8res\u00a0? Les questions sont nombreuses. Mais la principale interrogation reste celle-ci, pos\u00e9e par Agathe\u00a0: \u00ab\u00a0Et apr\u00e8s, de retour en France, o\u00f9 vont-ils aller\u00a0?\u00a0\u00bb<\/p>\n<blockquote class=\"wp-block-quote is-layout-flow wp-block-quote-is-layout-flow\">\n<p>Les d\u00e9parts peuvent se d\u00e9placer vers la Belgique et les gens pourraient faire des trajets plus longs.<\/p>\n<p>P. Makhlouf<\/p><\/blockquote>\n<p>Pour Pierre Makhlouf, \u00ab\u00a0les d\u00e9parts peuvent se d\u00e9placer vers la Belgique et les gens pourraient faire des trajets plus longs, tout en essayant d\u2019arriver au Royaume-Uni sans \u00eatre d\u00e9tect\u00e9s, rendant les travers\u00e9es plus dangereuses\u00a0\u00bb. Les politiques \u00e0 la fronti\u00e8re brise les personnes et quasi <a href=\"https:\/\/www.politis.fr\/articles\/2024\/09\/reportage-migrants-medecins-du-monde-exile%25C2%25B7es-accueillir-aussi-la-souffrance\/\" target=\"_blank\" rel=\"noreferrer noopener nofollow\">aucune aide psychologique n\u2019est apport\u00e9e<\/a>. Le 18 ao\u00fbt dernier, un homme a \u00e9t\u00e9 retrouv\u00e9 pendu sur le camp de Loon-Plage. Il rejoint la macabre liste des personnes d\u00e9c\u00e9d\u00e9es \u00e0 la fronti\u00e8re, qui s\u2019\u00e9l\u00e8ve \u00e0 512 morts depuis 1999.<\/p>\n<p>        <a href=\"https:\/\/www.politis.fr\/boutique\/\" target=\"_blank\" class=\"gt_abonnement\" rel=\"nofollow noopener\"><\/p>\n<p>            Recevez Politis chez vous chaque semaine !<\/p>\n<p>    <\/a><\/p>\n","protected":false},"excerpt":{"rendered":"Un terrain vague, et au loin, des dizaines de tentes amass\u00e9es dans un hangar. \u00c0 Calais, en cette&hellip;\n","protected":false},"author":2,"featured_media":355061,"comment_status":"","ping_status":"","sticky":false,"template":"","format":"standard","meta":{"footnotes":""},"categories":[1588],"tags":[11,10443,34267,1777,674,1061,1251,12,2495,473,1853,1851,1850,1852],"class_list":{"0":"post-355060","1":"post","2":"type-post","3":"status-publish","4":"format-standard","5":"has-post-thumbnail","7":"category-royaume-uni","8":"tag-actualites","9":"tag-asile","10":"tag-droit-dasile","11":"tag-eu","12":"tag-europe","13":"tag-immigration","14":"tag-migrants","15":"tag-news","16":"tag-refugies","17":"tag-royaume-uni","18":"tag-royaume-uni-de-grande-bretagne-et-dirlande-du-nord","19":"tag-uk","20":"tag-united-kingdom","21":"tag-united-kingdom-of-great-britain-and-northern-ireland"},"share_on_mastodon":{"url":"https:\/\/pubeurope.com\/@fr\/115119457860154613","error":""},"_links":{"self":[{"href":"https:\/\/www.europesays.com\/fr\/wp-json\/wp\/v2\/posts\/355060","targetHints":{"allow":["GET"]}}],"collection":[{"href":"https:\/\/www.europesays.com\/fr\/wp-json\/wp\/v2\/posts"}],"about":[{"href":"https:\/\/www.europesays.com\/fr\/wp-json\/wp\/v2\/types\/post"}],"author":[{"embeddable":true,"href":"https:\/\/www.europesays.com\/fr\/wp-json\/wp\/v2\/users\/2"}],"replies":[{"embeddable":true,"href":"https:\/\/www.europesays.com\/fr\/wp-json\/wp\/v2\/comments?post=355060"}],"version-history":[{"count":0,"href":"https:\/\/www.europesays.com\/fr\/wp-json\/wp\/v2\/posts\/355060\/revisions"}],"wp:featuredmedia":[{"embeddable":true,"href":"https:\/\/www.europesays.com\/fr\/wp-json\/wp\/v2\/media\/355061"}],"wp:attachment":[{"href":"https:\/\/www.europesays.com\/fr\/wp-json\/wp\/v2\/media?parent=355060"}],"wp:term":[{"taxonomy":"category","embeddable":true,"href":"https:\/\/www.europesays.com\/fr\/wp-json\/wp\/v2\/categories?post=355060"},{"taxonomy":"post_tag","embeddable":true,"href":"https:\/\/www.europesays.com\/fr\/wp-json\/wp\/v2\/tags?post=355060"}],"curies":[{"name":"wp","href":"https:\/\/api.w.org\/{rel}","templated":true}]}}