{"id":355062,"date":"2025-08-30T19:51:10","date_gmt":"2025-08-30T19:51:10","guid":{"rendered":"https:\/\/www.europesays.com\/fr\/355062\/"},"modified":"2025-08-30T19:51:10","modified_gmt":"2025-08-30T19:51:10","slug":"a-bregancon-les-embarras-du-chancelier-allemand","status":"publish","type":"post","link":"https:\/\/www.europesays.com\/fr\/355062\/","title":{"rendered":"\u00c0 Br\u00e9gan\u00e7on, les embarras du chancelier allemand"},"content":{"rendered":"<p>L&rsquo;\u00e9t\u00e9 s&rsquo;\u00e9tire \u00e0 Bormes-les-Mimosas. Les derniers vacanciers profitent d&rsquo;une soir\u00e9e ensoleill\u00e9e face \u00e0 un patrouilleur de la marine fran\u00e7aise qui tire des bords au large du fort de Br\u00e9gan\u00e7on. \u00c0 l&rsquo;int\u00e9rieur, la table de travail a \u00e9t\u00e9 dress\u00e9e en plein air, dans la cour rectangulaire. Les d\u00e9l\u00e9gations fran\u00e7aise et allemande discutent paisiblement dans les effluves des lauriers-roses encore en fleurs.<\/p>\n<p>En d\u00e9pit des lourds nuages qui s&rsquo;amoncellent en cette rentr\u00e9e, c&rsquo;est visiblement d\u00e9tendu que le chancelier allemand est arriv\u00e9 \u00e0 Br\u00e9gan\u00e7on. Il salue un \u00e0 un les conseillers \u00e9lys\u00e9ens. Il prend la parole en fran\u00e7ais, exprime sa gratitude pour l&rsquo;honneur \u00ab\u00a0exceptionnel\u00a0\u00bb de partager, pour une soir\u00e9e, la r\u00e9sidence d&rsquo;\u00e9t\u00e9 du pr\u00e9sident fran\u00e7ais. Il donne du \u00ab\u00a0tu\u00a0\u00bb \u00e0 son \u00ab\u00a0ami\u00a0\u00bb Emmanuel. \u00ab\u00a0Quel contraste&#8230;<\/p>\n<p>Toute l\u2019actualit\u00e9 \u00e0 1\u20ac le premier mois<\/p>\n<p><a href=\"https:\/\/abo.lepoint.fr\/?provenance=21EDI020098\" class=\"btn\" title=\"S&#039;abonner\" data-gtm=\"click:abo|display:abo\" data-campaign=\"paywall_maison\" target=\"_blank\" rel=\"noopener\">S&rsquo;abonner<\/a><\/p>\n<p>ou<\/p>\n","protected":false},"excerpt":{"rendered":"L&rsquo;\u00e9t\u00e9 s&rsquo;\u00e9tire \u00e0 Bormes-les-Mimosas. Les derniers vacanciers profitent d&rsquo;une soir\u00e9e ensoleill\u00e9e face \u00e0 un patrouilleur de la marine&hellip;\n","protected":false},"author":2,"featured_media":355063,"comment_status":"","ping_status":"","sticky":false,"template":"","format":"standard","meta":{"footnotes":""},"categories":[1587],"tags":[11,672,1804,1805,1803,1073,1777,674,4710,1801,12,1802,364,135],"class_list":{"0":"post-355062","1":"post","2":"type-post","3":"status-publish","4":"format-standard","5":"has-post-thumbnail","7":"category-allemagne","8":"tag-actualites","9":"tag-allemagne","10":"tag-bundesrepublik-deutschland","11":"tag-de","12":"tag-deutschland","13":"tag-emmanuel-macron","14":"tag-eu","15":"tag-europe","16":"tag-friedrich-merz","17":"tag-germany","18":"tag-news","19":"tag-republique-federale-dallemagne","20":"tag-union-europeenne","21":"tag-vladimir-poutine"},"share_on_mastodon":{"url":"https:\/\/pubeurope.com\/@fr\/115119461832967618","error":""},"_links":{"self":[{"href":"https:\/\/www.europesays.com\/fr\/wp-json\/wp\/v2\/posts\/355062","targetHints":{"allow":["GET"]}}],"collection":[{"href":"https:\/\/www.europesays.com\/fr\/wp-json\/wp\/v2\/posts"}],"about":[{"href":"https:\/\/www.europesays.com\/fr\/wp-json\/wp\/v2\/types\/post"}],"author":[{"embeddable":true,"href":"https:\/\/www.europesays.com\/fr\/wp-json\/wp\/v2\/users\/2"}],"replies":[{"embeddable":true,"href":"https:\/\/www.europesays.com\/fr\/wp-json\/wp\/v2\/comments?post=355062"}],"version-history":[{"count":0,"href":"https:\/\/www.europesays.com\/fr\/wp-json\/wp\/v2\/posts\/355062\/revisions"}],"wp:featuredmedia":[{"embeddable":true,"href":"https:\/\/www.europesays.com\/fr\/wp-json\/wp\/v2\/media\/355063"}],"wp:attachment":[{"href":"https:\/\/www.europesays.com\/fr\/wp-json\/wp\/v2\/media?parent=355062"}],"wp:term":[{"taxonomy":"category","embeddable":true,"href":"https:\/\/www.europesays.com\/fr\/wp-json\/wp\/v2\/categories?post=355062"},{"taxonomy":"post_tag","embeddable":true,"href":"https:\/\/www.europesays.com\/fr\/wp-json\/wp\/v2\/tags?post=355062"}],"curies":[{"name":"wp","href":"https:\/\/api.w.org\/{rel}","templated":true}]}}