{"id":355066,"date":"2025-08-30T19:53:13","date_gmt":"2025-08-30T19:53:13","guid":{"rendered":"https:\/\/www.europesays.com\/fr\/355066\/"},"modified":"2025-08-30T19:53:13","modified_gmt":"2025-08-30T19:53:13","slug":"ca-ma-beaucoup-manque-line-renaud-regrette-de-ne-pas-avoir-eu-denfant","status":"publish","type":"post","link":"https:\/\/www.europesays.com\/fr\/355066\/","title":{"rendered":"\u00ab\u00a0\u00c7a m\u2019a beaucoup manqu\u00e9\u00a0\u00bb, Line Renaud regrette de ne pas avoir eu d&rsquo;enfant"},"content":{"rendered":"<p>Ce samedi 30 ao\u00fbt, TF1 diffusait un nouveau num\u00e9ro de 50\u2019 Inside pr\u00e9sent\u00e9 par Isabelle Ithurburu. L\u2019animatrice recevait une invit\u00e9e de choix, <a href=\"https:\/\/www.diverto.tv\/actualites\/tele\/line-renaud-sa-touchante-confidence-sur-la-fin-de-vie-dans-sept-a-huit\" rel=\"nofollow noopener\" target=\"_blank\">Line Renaud. Figure incontournable du monde artistique<\/a>, l\u2019ic\u00f4ne fran\u00e7aise vient tout juste de c\u00e9l\u00e9brer ses 97 ans. Malgr\u00e9 une carri\u00e8re d\u2019exception et un parcours jalonn\u00e9 de succ\u00e8s, elle a accept\u00e9 de se livrer sur une part plus intime de sa vie, marqu\u00e9e par une absence qui lui p\u00e8se encore aujourd\u2019hui. Interrog\u00e9e par Isabelle Ithurburu sur le fait de ne jamais avoir eu d\u2019enfant, Line Renaud n\u2019a pas cach\u00e9 son \u00e9motion. \u201c\u00c7a m\u2019a beaucoup, beaucoup manqu\u00e9. \u00c9norm\u00e9ment\u201d, a-t-elle confi\u00e9, avec une sinc\u00e9rit\u00e9 bouleversante. Elle a expliqu\u00e9 que ce choix n\u2019\u00e9tait pas r\u00e9ellement volontaire mais plut\u00f4t dict\u00e9 par les contraintes de sa carri\u00e8re.<\/p>\n<p>\u00c0 l\u2019\u00e9poque, chaque nouveau projet artistique \u00e9tait une opportunit\u00e9 \u00e0 ne pas manquer, mais aussi un engagement total. \u201cIl ne faut pas que j\u2019y pense parce que \u00e7a devait \u00eatre \u00e7a que je n\u2019ai pas d\u2019enfants. \u00c0 chaque fois, j\u2019avais un contrat qui \u00e9tait sign\u00e9 donc je ne pouvais pas \u00eatre enceinte\u201d, a-t-elle assur\u00e9. C\u2019est l\u2019un des plus gros sacrifices auxquels de nombreuses femmes artistes ont d\u00fb faire face au cours du XXe si\u00e8cle, \u00e0 une \u00e9poque o\u00f9 conjuguer vie professionnelle et maternit\u00e9 relevait souvent de l\u2019impossible. <a href=\"https:\/\/www.diverto.tv\/actualites\/tele\/line-renaud-est-toujours-en-pleine-forme-les-confidences-de-stephane-bern-sur-son-amie\" rel=\"nofollow noopener\" target=\"_blank\">Pour Line Renaud<\/a>, qui a \u00e9t\u00e9 meneuse de revue, chanteuse et com\u00e9dienne, la sc\u00e8ne est devenue son foyer et son public sa grande famille.<\/p>\n<p>Line Renaud, grande admiratrice de Damso<\/p>\n<p>Lors de cet entretien, Line Renaud a surpris les t\u00e9l\u00e9spectateurs de TF1 en r\u00e9v\u00e9lant son admiration pour un artiste bien \u00e9loign\u00e9 de son univers : <a href=\"https:\/\/www.diverto.tv\/actualites\/cinema\/damso-que-disent-les-premiers-avis-sur-son-film\" rel=\"nofollow noopener\" target=\"_blank\">le rappeur belge Damso<\/a>. \u201cVous connaissez Damso ? J\u2019adore Damso\u201d, a-t-elle lanc\u00e9 avec enthousiasme. Elle en a profit\u00e9 pour r\u00e9v\u00e9ler que l\u2019artiste \u00e9tait d\u00e9j\u00e0 venu la rencontrer chez elle. \u201cMais il est charmant, il est bien \u00e9lev\u00e9. Il est beau\u201d, a-t-elle ajout\u00e9 avec un grand sourire. Line Renaud a \u00e9galement confi\u00e9 avoir eu un gros coup de c\u0153ur pour l\u2019un de ses titres, Grand Soleil, qu\u2019elle \u00e9coute souvent.<\/p>\n","protected":false},"excerpt":{"rendered":"Ce samedi 30 ao\u00fbt, TF1 diffusait un nouveau num\u00e9ro de 50\u2019 Inside pr\u00e9sent\u00e9 par Isabelle Ithurburu. L\u2019animatrice recevait&hellip;\n","protected":false},"author":2,"featured_media":355067,"comment_status":"","ping_status":"","sticky":false,"template":"","format":"standard","meta":{"footnotes":""},"categories":[1586],"tags":[11,1777,674,1779,1011,27,12,25,1778,364],"class_list":{"0":"post-355066","1":"post","2":"type-post","3":"status-publish","4":"format-standard","5":"has-post-thumbnail","7":"category-europe","8":"tag-actualites","9":"tag-eu","10":"tag-europe","11":"tag-european-union","12":"tag-fr","13":"tag-france","14":"tag-news","15":"tag-republique-francaise","16":"tag-ue","17":"tag-union-europeenne"},"share_on_mastodon":{"url":"https:\/\/pubeurope.com\/@fr\/115119469609917407","error":""},"_links":{"self":[{"href":"https:\/\/www.europesays.com\/fr\/wp-json\/wp\/v2\/posts\/355066","targetHints":{"allow":["GET"]}}],"collection":[{"href":"https:\/\/www.europesays.com\/fr\/wp-json\/wp\/v2\/posts"}],"about":[{"href":"https:\/\/www.europesays.com\/fr\/wp-json\/wp\/v2\/types\/post"}],"author":[{"embeddable":true,"href":"https:\/\/www.europesays.com\/fr\/wp-json\/wp\/v2\/users\/2"}],"replies":[{"embeddable":true,"href":"https:\/\/www.europesays.com\/fr\/wp-json\/wp\/v2\/comments?post=355066"}],"version-history":[{"count":0,"href":"https:\/\/www.europesays.com\/fr\/wp-json\/wp\/v2\/posts\/355066\/revisions"}],"wp:featuredmedia":[{"embeddable":true,"href":"https:\/\/www.europesays.com\/fr\/wp-json\/wp\/v2\/media\/355067"}],"wp:attachment":[{"href":"https:\/\/www.europesays.com\/fr\/wp-json\/wp\/v2\/media?parent=355066"}],"wp:term":[{"taxonomy":"category","embeddable":true,"href":"https:\/\/www.europesays.com\/fr\/wp-json\/wp\/v2\/categories?post=355066"},{"taxonomy":"post_tag","embeddable":true,"href":"https:\/\/www.europesays.com\/fr\/wp-json\/wp\/v2\/tags?post=355066"}],"curies":[{"name":"wp","href":"https:\/\/api.w.org\/{rel}","templated":true}]}}