{"id":355081,"date":"2025-08-30T20:05:19","date_gmt":"2025-08-30T20:05:19","guid":{"rendered":"https:\/\/www.europesays.com\/fr\/355081\/"},"modified":"2025-08-30T20:05:19","modified_gmt":"2025-08-30T20:05:19","slug":"maxime-lucu-ubb-absent-jusqua-fin-octobre","status":"publish","type":"post","link":"https:\/\/www.europesays.com\/fr\/355081\/","title":{"rendered":"Maxime Lucu (UBB) absent jusqu\u2019\u00e0 fin octobre"},"content":{"rendered":"<p>Le demi de m\u00eal\u00e9e international a \u00e9t\u00e9 op\u00e9r\u00e9 d\u2019une rupture d\u2019un tendon du pouce de la main.<\/p>\n<p class=\"fig-paragraph\">La mauvaise nouvelle est<a href=\"https:\/\/www.sudouest.fr\/sport\/rugby\/bordeaux-begles\/info-sud-ouest-maxime-lucu-bordeaux-begles-va-manquer-deux-mois-de-competition-25726024.php\" target=\"_blank\" rel=\"sponsored noopener\" data-gtm-custom-categorie=\"navigation\" data-gtm-custom-action=\"crossclick\" data-gtm-custom-label=\"Contextuel\" data-gtm-event=\"customEventSPE\">\u00a0r\u00e9v\u00e9l\u00e9e par Sud Ouest.<\/a>\u00a0Maxime Lucu va manquer deux mois de comp\u00e9tition. Le demi de m\u00eal\u00e9e de l\u2019UBB et du XV de France s\u2019est bless\u00e9 au pouce jeudi soir lors du match de pr\u00e9paration contre Montauban, remport\u00e9 35 \u00e0 28 par les champions d\u2019Europe.<\/p>\n<p class=\"fig-paragraph\">L\u2019international fran\u00e7ais (32 ans, 27 s\u00e9lections) a d\u00fb \u00eatre op\u00e9r\u00e9 ce vendredi d\u2019une rupture d\u2019un tendon du pouce de la main. Il est forfait pour deux mois.<\/p>\n<p>                                    <a class=\"fig-a11y-skip a11y-hidden\" href=\"#fig-a11y-skip-main-inarticle\"><br \/>\n        Passer la publicit\u00e9<br \/>\n    <\/a><\/p>\n<p>Incertain pour le d\u00e9but de la tourn\u00e9e de novembre<\/p>\n<p class=\"fig-paragraph\">Cette blessure rend \u00e9galement incertaine sa participation \u00e0 la tourn\u00e9e de novembre. Le XV de France la d\u00e9butera le 8 novembre contre les champions du monde sud-africains au stade de France.<\/p>\n<p class=\"fig-paragraph\">Lors de cette rencontre amicale, un autre international fran\u00e7ais,\u00a0<a href=\"http:\/\/www.lefigaro.fr\/sports\/rugby\/top-14\/top-14-luxation-de-l-epaule-pour-yoram-moefana-en-match-de-preparation-20250828\" data-fig-type=\"NewsFlash\" data-gtm-custom-categorie=\"navigation\" data-gtm-custom-action=\"crossclick\" data-gtm-custom-label=\"Contextuel\" data-gtm-event=\"customEventSPE\" data-fig-domain=\"LEFIGARO\" target=\"_blank\" rel=\"noopener\">Yoram Moefana, s\u2019est, lui, bless\u00e9 \u00e0 l\u2019\u00e9paule.<\/a><\/p>\n","protected":false},"excerpt":{"rendered":"Le demi de m\u00eal\u00e9e international a \u00e9t\u00e9 op\u00e9r\u00e9 d\u2019une rupture d\u2019un tendon du pouce de la main. La&hellip;\n","protected":false},"author":2,"featured_media":355082,"comment_status":"","ping_status":"","sticky":false,"template":"","format":"standard","meta":{"footnotes":""},"categories":[1412],"tags":[1451,1452,1453,1454,1455,1011,27,60,4364,513],"class_list":{"0":"post-355081","1":"post","2":"type-post","3":"status-publish","4":"format-standard","5":"has-post-thumbnail","7":"category-f1","8":"tag-f1","9":"tag-formula-1","10":"tag-formula1","11":"tag-formule-1","12":"tag-formule1","13":"tag-fr","14":"tag-france","15":"tag-sports","16":"tag-ubb","17":"tag-xv-de-france"},"share_on_mastodon":{"url":"https:\/\/pubeurope.com\/@fr\/115119516792171004","error":""},"_links":{"self":[{"href":"https:\/\/www.europesays.com\/fr\/wp-json\/wp\/v2\/posts\/355081","targetHints":{"allow":["GET"]}}],"collection":[{"href":"https:\/\/www.europesays.com\/fr\/wp-json\/wp\/v2\/posts"}],"about":[{"href":"https:\/\/www.europesays.com\/fr\/wp-json\/wp\/v2\/types\/post"}],"author":[{"embeddable":true,"href":"https:\/\/www.europesays.com\/fr\/wp-json\/wp\/v2\/users\/2"}],"replies":[{"embeddable":true,"href":"https:\/\/www.europesays.com\/fr\/wp-json\/wp\/v2\/comments?post=355081"}],"version-history":[{"count":0,"href":"https:\/\/www.europesays.com\/fr\/wp-json\/wp\/v2\/posts\/355081\/revisions"}],"wp:featuredmedia":[{"embeddable":true,"href":"https:\/\/www.europesays.com\/fr\/wp-json\/wp\/v2\/media\/355082"}],"wp:attachment":[{"href":"https:\/\/www.europesays.com\/fr\/wp-json\/wp\/v2\/media?parent=355081"}],"wp:term":[{"taxonomy":"category","embeddable":true,"href":"https:\/\/www.europesays.com\/fr\/wp-json\/wp\/v2\/categories?post=355081"},{"taxonomy":"post_tag","embeddable":true,"href":"https:\/\/www.europesays.com\/fr\/wp-json\/wp\/v2\/tags?post=355081"}],"curies":[{"name":"wp","href":"https:\/\/api.w.org\/{rel}","templated":true}]}}