{"id":355093,"date":"2025-08-30T20:11:23","date_gmt":"2025-08-30T20:11:23","guid":{"rendered":"https:\/\/www.europesays.com\/fr\/355093\/"},"modified":"2025-08-30T20:11:23","modified_gmt":"2025-08-30T20:11:23","slug":"qui-sont-les-invites-de-ce-samedi-30-aout","status":"publish","type":"post","link":"https:\/\/www.europesays.com\/fr\/355093\/","title":{"rendered":"qui sont les invit\u00e9s de ce samedi 30 ao\u00fbt ?"},"content":{"rendered":"<p>C\u2019est une page de la t\u00e9l\u00e9vision qui se tourne d\u00e9finitivement. Apr\u00e8s 22 ans, <a href=\"https:\/\/www.diverto.tv\/actualites\/tele\/jai-des-choses-a-leur-dire-olivier-minne-presente-son-dernier-fort-boyard\" rel=\"nofollow noopener\" target=\"_blank\">Olivier Minne quitte Fort Boyard<\/a>. Ce samedi 30 ao\u00fbt 2025, ce sera la derni\u00e8re fois qu\u2019il pr\u00e9sentera l\u2019\u00e9mission sur <a href=\"https:\/\/www.diverto.tv\/programme-tv\/chaine\/france-2\" rel=\"nofollow noopener\" target=\"_blank\">France 2<\/a>. Ce sera \u00e9galement le dernier num\u00e9ro de la saison 2025, qui \u00e9tait consacr\u00e9e aux origines de Fort Boyard. On vous pr\u00e9vient : cet \u00e9pisode sera riche en \u00e9motions. Olivier Minne sera au c\u0153ur de l\u2019\u00e9mission. En plus du retour de certains personnages, certains des candidats connaissent le pr\u00e9sentateur depuis de longues ann\u00e9es.<\/p>\n<p>Des capitaines champions olympiques dans Fort Boyard<\/p>\n<p>Pour cette derni\u00e8re \u00e9mission de l\u2019\u00e9t\u00e9 2025 de Fort Boyard, <a href=\"https:\/\/www.diverto.tv\/actualites\/tele\/des-chiffres-et-des-lettres-une-page-professionnelle-se-tourne-commente-laurent-romejko\" rel=\"nofollow noopener\" target=\"_blank\">Laurent Romejko<\/a> fera son retour. Son apparition n\u2019est pas anodine, car le journaliste \u00e9tait candidat lors de la premi\u00e8re saison d\u2019Olivier Minne. \u201cJe suis tr\u00e8s heureux de t\u2019accompagner pour cette toute derni\u00e8re ici sur le fort. Je te souhaite plein de belles choses et mille mercis pour notre amiti\u00e9\u201d, d\u00e9clare-t-il en d\u00e9but d\u2019\u00e9mission. C\u2019est la deuxi\u00e8me fois qu\u2019il participe \u00e0 Fort Boyard.\u00a0<\/p>\n<p>\u00a0<\/p>\n<p>Ils seront rejoints par de grands sportifs : les fr\u00e8res Alexis et F\u00e9lix Lebrun, champions olympiques de ping-pong qui s&rsquo;\u00e9taient distingu\u00e9s lors des JO de Paris 2024. Le pongiste, et leur ami, Simon Gauzy sera \u00e9galement de la partie. C\u2019est la premi\u00e8re fois qu\u2019ils participent, tout comme Sissy Mua, qui est coach sportive et Youtubeuse. L\u2019ancien aventurier de <a href=\"https:\/\/www.diverto.tv\/actualites\/tele\/gaelle-gagnante-de-koh-lanta-ils-ne-peuvent-pas-me-reprocher-davoir-ete-strategique\" rel=\"nofollow noopener\" target=\"_blank\">Koh-Lanta<\/a> et animateur Laurent Maistret compl\u00e8te l\u2019\u00e9quipe en revenant sur le fort pour la huiti\u00e8me fois depuis 2015.<\/p>\n<p>\u00a0<\/p>\n<p>Une derni\u00e8re pleine de surprises<\/p>\n<p>Pour sa 222e et ultime \u00e9mission de <a href=\"https:\/\/www.diverto.tv\/actualites\/tele\/fort-boyard-je-ne-pense-pas-que-la-production-me-sollicitera-olivier-minne-evoque-son-successeur\" rel=\"nofollow noopener\" target=\"_blank\">Fort Boyard<\/a>, Olivier Minne n\u2019aura pas \u201cla main\u201d. Les \u00e9quipes de l\u2019\u00e9mission le surprendront tout au long de la soir\u00e9e pour lui rendre hommage apr\u00e8s ces 22 ans pass\u00e9s sur le fort. \u201cLe tournage de cette derni\u00e8re \u00e9mission \u00e9tait extr\u00eamement joyeux et \u00e9mouvant. J\u2019esp\u00e9rais que \u00e7a se d\u00e9roulerait comme \u00e7a et ce fut le cas\u201d, a confi\u00e9 Olivier Minne \u00e0 Diverto.<\/p>\n<p>\u00a0<\/p>\n<p>Le pr\u00e9sentateur recevra la visite d\u2019anciens collaborateurs et recevra plusieurs cadeaux de leur part. Comme il l\u2019avait fait lors de <a href=\"https:\/\/www.diverto.tv\/actualites\/tele\/cest-ma-derniere-saison-les-adieux-touchants-dolivier-minne-dans-fort-boyard\" rel=\"nofollow noopener\" target=\"_blank\">la premi\u00e8re \u00e9mission de la saison<\/a>, il prononcera un discours \u00e0 l\u2019attention des t\u00e9l\u00e9spectateurs pour les remercier de leur fid\u00e9lit\u00e9. \u201cJe m&rsquo;adresse directement \u00e0 eux et plus longtemps que dans la premi\u00e8re \u00e9mission, parce que j&rsquo;ai des choses \u00e0 leur dire\u201d, nous a-t-il r\u00e9v\u00e9l\u00e9. Pour d\u00e9couvrir son dernier discours, rendez-vous ce samedi 30 ao\u00fbt sur France 2 \u00e0 partir de 21h10.<\/p>\n","protected":false},"excerpt":{"rendered":"C\u2019est une page de la t\u00e9l\u00e9vision qui se tourne d\u00e9finitivement. Apr\u00e8s 22 ans, Olivier Minne quitte Fort Boyard.&hellip;\n","protected":false},"author":2,"featured_media":355094,"comment_status":"","ping_status":"","sticky":false,"template":"","format":"standard","meta":{"footnotes":""},"categories":[1356],"tags":[58,59,1011,27,252,1364],"class_list":{"0":"post-355093","1":"post","2":"type-post","3":"status-publish","4":"format-standard","5":"has-post-thumbnail","7":"category-television","8":"tag-divertissement","9":"tag-entertainment","10":"tag-fr","11":"tag-france","12":"tag-television","13":"tag-tv"},"share_on_mastodon":{"url":"https:\/\/pubeurope.com\/@fr\/115119540310810581","error":""},"_links":{"self":[{"href":"https:\/\/www.europesays.com\/fr\/wp-json\/wp\/v2\/posts\/355093","targetHints":{"allow":["GET"]}}],"collection":[{"href":"https:\/\/www.europesays.com\/fr\/wp-json\/wp\/v2\/posts"}],"about":[{"href":"https:\/\/www.europesays.com\/fr\/wp-json\/wp\/v2\/types\/post"}],"author":[{"embeddable":true,"href":"https:\/\/www.europesays.com\/fr\/wp-json\/wp\/v2\/users\/2"}],"replies":[{"embeddable":true,"href":"https:\/\/www.europesays.com\/fr\/wp-json\/wp\/v2\/comments?post=355093"}],"version-history":[{"count":0,"href":"https:\/\/www.europesays.com\/fr\/wp-json\/wp\/v2\/posts\/355093\/revisions"}],"wp:featuredmedia":[{"embeddable":true,"href":"https:\/\/www.europesays.com\/fr\/wp-json\/wp\/v2\/media\/355094"}],"wp:attachment":[{"href":"https:\/\/www.europesays.com\/fr\/wp-json\/wp\/v2\/media?parent=355093"}],"wp:term":[{"taxonomy":"category","embeddable":true,"href":"https:\/\/www.europesays.com\/fr\/wp-json\/wp\/v2\/categories?post=355093"},{"taxonomy":"post_tag","embeddable":true,"href":"https:\/\/www.europesays.com\/fr\/wp-json\/wp\/v2\/tags?post=355093"}],"curies":[{"name":"wp","href":"https:\/\/api.w.org\/{rel}","templated":true}]}}