{"id":355098,"date":"2025-08-30T20:16:19","date_gmt":"2025-08-30T20:16:19","guid":{"rendered":"https:\/\/www.europesays.com\/fr\/355098\/"},"modified":"2025-08-30T20:16:19","modified_gmt":"2025-08-30T20:16:19","slug":"deux-buts-coup-sur-coup-le-real-accelere","status":"publish","type":"post","link":"https:\/\/www.europesays.com\/fr\/355098\/","title":{"rendered":"deux buts coup sur coup, le Real acc\u00e9l\u00e8re"},"content":{"rendered":"<p>La demi-vol\u00e9e d&rsquo;Alexander-Arnold !<\/p>\n<p>On conna\u00eet la qualit\u00e9 du pied droit de l&rsquo;Anglais, qui s&rsquo;essaie depuis l&rsquo;ext\u00e9rieur de la surface avec une tentative audacieuse qui passe tout pr\u00e8s du cadre !<\/p>\n<p>Majorque n&rsquo;abdique pas<\/p>\n<p>M\u00eame si les deux buts du Real ressemblent \u00e0 un coup de massue, Majorque repart de l&rsquo;avant. A l&rsquo;entr\u00e9e de la surface, Morlanes frappe mais n&rsquo;inqui\u00e8te pas Courtois&#8230;<\/p>\n<p>DANS LA FOULEE, VINICIUS PLACE LE REAL DEVANT !<\/p>\n<p>Le Real enclenche la vitesse sup\u00e9rieure ! Dans la foul\u00e9e de l&rsquo;\u00e9galisation de G\u00fcler, Vinicius se projette \u00e0 vitesse XXL et renverse compl\u00e8tement la rencontre d&rsquo;une frappe limpide du pied droit, 2-1 !!!<\/p>\n<p>GULER REMET LE REAL DANS LA PARTIE, 1-1 !!<\/p>\n<p>Le Real recolle au score ! Carreras centre dans la boite et trouve le g\u00e9ant Huijsen, qui remise en retrait le ballon de la t\u00eate ! En renard des surfaces, G\u00fcler est l\u00e0 pour reprendre le ballon et \u00e9galiser !<\/p>\n<p>C&rsquo;est l&rsquo;heure de la pause fra\u00eecheur<\/p>\n<p>La demi-heure de jeu pass\u00e9e, l&rsquo;arbitre siffle la pause fra\u00eecheur pour les 22 acteurs de la rencontre ! L&rsquo;occasion pour Xabi Alonso de passer quelques consignes \u00e0 ses hommes&#8230;<\/p>\n<p>Roman se fait peur dans la cage majorquine !<\/p>\n<p>Sur une frappe de Tchouam\u00e9ni a priori facile \u00e0 capter, Roman commet une grosse erreur de main et rel\u00e2che le ballon. C&rsquo;est sans cons\u00e9quence mais attention !<\/p>\n<p>Mastantuono s&rsquo;\u00e9croule dans la surface<\/p>\n<p>L&rsquo;Argentin est servi dans la surface, dos au jeu. Peinant \u00e0 se retourner, il s&rsquo;\u00e9croule dans la surface et demande directement un p\u00e9nalty. L&rsquo;arbitre ne bronche pas, il faut dire que le contact est vraiment minime !<\/p>\n<p>G\u00fcler touch\u00e9 \u00e0 l&rsquo;\u00e9paule<\/p>\n<p>Au milieu, le Turc s&rsquo;en va disputer un duel a\u00e9rien et semble mal retomber. Le num\u00e9ro 15 madril\u00e8ne se plaint d&rsquo;une g\u00eane \u00e0 l&rsquo;\u00e9paule droite mais reprend sa place. Plus de peur que de mal visiblement.<\/p>\n<p>Le r\u00e9veil de Mastantuono<\/p>\n<p>L&rsquo;Argentin est servi entre les lignes, dans une position plus axiale, et se retourne directement pour frapper. Sa tentative ne passe pas loin de tromper Roman, qui ne s&rsquo;attendait pas \u00e0 voir le jeune prodige armer si rapidement.<\/p>\n<p>L&rsquo;ouverture du score de Muriqi en vid\u00e9o<\/p>\n<p>Le goleador kosovar a permis aux siens de cr\u00e9er la surprise au Bernabeu !<\/p>\n<p>Vinicius amorce la r\u00e9volte<\/p>\n<p>Voyant ses co\u00e9quipiers peiner \u00e0 entrer dans la surface, le Br\u00e9silien d\u00e9clenche une frappe de loin. C&rsquo;est cadr\u00e9 mais trop \u00e9cras\u00e9 et \u00e7a file dans les gants de Roman !<\/p>\n<p>Muriqi, b\u00eate noire du Real Madrid<\/p>\n<p>L&rsquo;attaquant de Majorque, d\u00e9j\u00e0 d\u00e9cisif \u00e0 plusieurs reprises face au Real l&rsquo;an dernier, a de nouveau fait parler la poudre.<\/p>\n<p>MURIQI SURPREND LE REAL, 1-0 !!!!<\/p>\n<p>LA STUPEUR AU BERNABEU ! Sur corner, Muriqi s&rsquo;\u00e9l\u00e8ve plus haut que tout le monde et claque une t\u00eate qui laisse Courtois impuissant sur sa ligne, 1-0 pour Majorque !<\/p>\n<p>Du d\u00e9chet technique chez G\u00fcler<\/p>\n<p>Le jeune turc passe \u00e0 c\u00f4t\u00e9 de son entame de match avec beaucoup de mauvais choix et un d\u00e9chet inhabituel. Le gaucher va devoir r\u00e9gler la mire.<\/p>\n<p>Majorque en grande souffrance<\/p>\n<p>Le Real pousse tr\u00e8s fort et les assauts se succ\u00e8dent sur la cage de Roman. On se demande combien de temps les Majorquins vont pouvoir r\u00e9sister ?<\/p>\n<p>Nouvelle grosse occasion pour Mbapp\u00e9<\/p>\n<p>Alexander-Arnold trouve de nombreux espaces sur le flanc droit. L&rsquo;ancien d\u00e9fenseur de Liverpool centre au poteau gauche pour Mbapp\u00e9, qui d\u00e9visse le ballon avant de tirer du gauche dans le petit filet !<\/p>\n<p>Fausse joie pour le Real, le but refus\u00e9<\/p>\n<p>Pour une position de hors-jeu, le but est finalement refus\u00e9 au Real ! Fausse joie pour les Merengues&#8230;<\/p>\n<p>MBAPPE OUVRE LE SCORE, 1-0 POUR LE REAL !!!!<\/p>\n<p>Sur une merveille de passe d&rsquo;Alexander-Arnold, Mbapp\u00e9 s&rsquo;engouffre dans la profondeur et se retrouve seul face \u00e0 Roman ! Le Fran\u00e7ais ne tremble pas et crucifie le portier majorquin pour inscrire son 4e but de la saison (d\u00e9j\u00e0 !) en Liga !<\/p>\n<p>Tchouam\u00e9ni allume la premi\u00e8re m\u00e8che<\/p>\n<p>Servi par Vinicius \u00e0 l&rsquo;entr\u00e9e de la surface, le Fran\u00e7ais d\u00e9cide de frapper mais sa tentative passe bien au-dessus de la cage de Roman.<\/p>\n<p>Un pressing haut des Majorquins<\/p>\n<p>Les joueurs de Jagoba Arrasate tentent directement de g\u00eaner la construction du jeu des Madril\u00e8nes avec une position assez haute sur le terrain.<\/p>\n<p>C&rsquo;est parti au Bernabeu !<\/p>\n<p>Le coup d&rsquo;envoi est donn\u00e9 dans l&rsquo;antre madril\u00e8ne, ce sont les joueurs de Majorque qui engagent devant les 80 000 supporters pr\u00e9sents ce soir !<\/p>\n<p>Le onze de Majorque, avec une d\u00e9fense \u00e0 5<\/p>\n<p>Rajkovic \u2013 Morey, Valjent, Raillo, Kumbulla, Mojica \u2013 Morlanes, Mascarell, Darder \u2013 Asano, Muriqi.<\/p>\n<p>La compo du Real, Mastantuono titulaire<\/p>\n<p>Entr\u00e9 en sortie de banc le week-end dernier \u00e0 Oviedo, Vinicius Jr retrouve sa place dans le onze, aux c\u00f4t\u00e9s de Mbapp\u00e9 et Mastantuono.<\/p>\n<p>Courtois \u2013 Alexander-Arnold, Militao, Huijsen, Carreras \u2013 Valverde, Tchouam\u00e9ni, G\u00fcler \u2013 Mastantuono, Mbapp\u00e9, Vin\u00edcius.<\/p>\n<p>Bonjour \u00e0 tous<\/p>\n<p>Bienvenue sur le site et l&rsquo;appli RMC Sport pour suivre le match de la 3e journ\u00e9e de Liga entre le Real Madrid et Majorque, dont le coup d&rsquo;envoi sera donn\u00e9 \u00e0 21h30 \u00e0 l&rsquo;Estadio Santiago Bernabeu.<\/p>\n","protected":false},"excerpt":{"rendered":"La demi-vol\u00e9e d&rsquo;Alexander-Arnold ! On conna\u00eet la qualit\u00e9 du pied droit de l&rsquo;Anglais, qui s&rsquo;essaie depuis l&rsquo;ext\u00e9rieur de&hellip;\n","protected":false},"author":2,"featured_media":355099,"comment_status":"","ping_status":"","sticky":false,"template":"","format":"standard","meta":{"footnotes":""},"categories":[9],"tags":[1011,27,60],"class_list":{"0":"post-355098","1":"post","2":"type-post","3":"status-publish","4":"format-standard","5":"has-post-thumbnail","7":"category-sports","8":"tag-fr","9":"tag-france","10":"tag-sports"},"share_on_mastodon":{"url":"https:\/\/pubeurope.com\/@fr\/115119560071084489","error":""},"_links":{"self":[{"href":"https:\/\/www.europesays.com\/fr\/wp-json\/wp\/v2\/posts\/355098","targetHints":{"allow":["GET"]}}],"collection":[{"href":"https:\/\/www.europesays.com\/fr\/wp-json\/wp\/v2\/posts"}],"about":[{"href":"https:\/\/www.europesays.com\/fr\/wp-json\/wp\/v2\/types\/post"}],"author":[{"embeddable":true,"href":"https:\/\/www.europesays.com\/fr\/wp-json\/wp\/v2\/users\/2"}],"replies":[{"embeddable":true,"href":"https:\/\/www.europesays.com\/fr\/wp-json\/wp\/v2\/comments?post=355098"}],"version-history":[{"count":0,"href":"https:\/\/www.europesays.com\/fr\/wp-json\/wp\/v2\/posts\/355098\/revisions"}],"wp:featuredmedia":[{"embeddable":true,"href":"https:\/\/www.europesays.com\/fr\/wp-json\/wp\/v2\/media\/355099"}],"wp:attachment":[{"href":"https:\/\/www.europesays.com\/fr\/wp-json\/wp\/v2\/media?parent=355098"}],"wp:term":[{"taxonomy":"category","embeddable":true,"href":"https:\/\/www.europesays.com\/fr\/wp-json\/wp\/v2\/categories?post=355098"},{"taxonomy":"post_tag","embeddable":true,"href":"https:\/\/www.europesays.com\/fr\/wp-json\/wp\/v2\/tags?post=355098"}],"curies":[{"name":"wp","href":"https:\/\/api.w.org\/{rel}","templated":true}]}}