{"id":355125,"date":"2025-08-30T20:37:12","date_gmt":"2025-08-30T20:37:12","guid":{"rendered":"https:\/\/www.europesays.com\/fr\/355125\/"},"modified":"2025-08-30T20:37:12","modified_gmt":"2025-08-30T20:37:12","slug":"les-bateaux-de-la-solitaire-du-figaro-paprec-sont-arrives-a-rouen","status":"publish","type":"post","link":"https:\/\/www.europesays.com\/fr\/355125\/","title":{"rendered":"Les bateaux de La Solitaire du Figaro Paprec sont arriv\u00e9s \u00e0 Rouen !"},"content":{"rendered":"<p class=\"LThh9 tL1tz ON3oL qufKF\" dir=\"auto\" id=\"viewer-gn48d635\">Ils sont l\u00e0 ! Apr\u00e8s leur spectaculaire remont\u00e9e de la Seine, les 35 Figaro BENETEAU 3\u00a0engag\u00e9s sur la 56\u1d49 \u00e9dition de La Solitaire du Figaro Paprec, accompagn\u00e9s des 8 duos du D\u00e9fi Paprec, ont fait leur entr\u00e9e ce samedi soir \u00e0 Rouen.<\/p>\n<p><img decoding=\"async\" src=\"https:\/\/www.europesays.com\/fr\/wp-content\/uploads\/2025\/08\/af540f_85f41c244dd94c0589227d58eb41bea1~mv2.jpg\" alt=\"@ Adrien Francois \/ OC Sport Pen Duick \" style=\"width:100%;height:100%;object-fit:cover;object-position:50% 50%;max-width:100%\" data-pin-url=\"https:\/\/www.lasolitaire.com\/post\/les-bateaux-de-la-solitaire-du-figaro-paprec-sont-arriv\u00e9s-\u00e0-rouen\" data-pin-media=\"https:\/\/static.wixstatic.com\/media\/af540f_85f41c244dd94c0589227d58eb41bea1~mv2.jpg\/v1\/fill\/w_2000,h_1334,al_c,q_90\/af540f_85f41c244dd94c0589227d58eb41bea1~mv2.jpg\" draggable=\"false\"\/><\/p>\n<p>@ Adrien Francois \/ OC Sport Pen Duick <\/p>\n<p class=\"LThh9 tL1tz ON3oL qufKF\" dir=\"auto\" id=\"viewer-ybunh643\">Sous le regard des nombreux visiteurs pr\u00e9sents sur les quais, la flotte a accost\u00e9 devant le Village du Grand D\u00e9part, ouvert depuis ce matin sur la Rive Droite. Les visiteurs peuvent d\u00e9sormais admirer de pr\u00e8s ces bateaux taill\u00e9s pour le large, qui resteront amarr\u00e9s toute la semaine au c\u0153ur de la ville.<\/p>\n<p class=\"LThh9 tL1tz ON3oL qufKF\" dir=\"auto\" id=\"viewer-mby3g648\">L\u2019ambiance promet de monter encore d\u2019un cran demain, dimanche 31 ao\u00fbt, avec :<\/p>\n<ul class=\"Ior1H t3L08\">\n<li dir=\"auto\" aria-level=\"1\" class=\"w4rN-\" style=\"text-align:JUSTIFY;margin-inline-start:1.5em;list-style-type:disc\">\n<p class=\"LThh9 tL1tz ON3oL qufKF\" dir=\"\" id=\"viewer-v2d1z652\">l\u2019inauguration officielle du Village\u00a0\u00e0 14h30,<\/p>\n<\/li>\n<li dir=\"auto\" aria-level=\"1\" class=\"w4rN-\" style=\"text-align:JUSTIFY;margin-inline-start:1.5em;list-style-type:disc\">\n<p class=\"LThh9 tL1tz ON3oL qufKF\" dir=\"\" id=\"viewer-8fmki657\">la pr\u00e9sentation des skippers\u00a0sur la Grande Sc\u00e8ne \u00e0 15h30,<\/p>\n<\/li>\n<li dir=\"auto\" aria-level=\"1\" class=\"w4rN-\" style=\"text-align:JUSTIFY;margin-inline-start:1.5em;list-style-type:disc\">\n<p class=\"LThh9 tL1tz ON3oL qufKF\" dir=\"\" id=\"viewer-snh0q662\">un atelier culinaire exceptionnel de Denny Imbrosi \u00e0 17h, aux c\u00f4t\u00e9s des marins ! <\/p>\n<\/li>\n<\/ul>\n<p class=\"LThh9 tL1tz ON3oL qufKF\" dir=\"auto\" id=\"viewer-otpik666\">\ud83d\udc49 Le Village est gratuit et ouvert \u00e0 tous jusqu\u2019au 5 septembre : l\u2019occasion id\u00e9ale de plonger dans l\u2019univers de la course au large et de rencontrer les marins qui prendront le d\u00e9part, le 7 septembre prochain.<\/p>\n","protected":false},"excerpt":{"rendered":"Ils sont l\u00e0 ! Apr\u00e8s leur spectaculaire remont\u00e9e de la Seine, les 35 Figaro BENETEAU 3\u00a0engag\u00e9s sur la&hellip;\n","protected":false},"author":2,"featured_media":355126,"comment_status":"","ping_status":"","sticky":false,"template":"","format":"standard","meta":{"footnotes":""},"categories":[9587],"tags":[1111,11,1777,674,1011,27,12,5161,25,9590],"class_list":{"0":"post-355125","1":"post","2":"type-post","3":"status-publish","4":"format-standard","5":"has-post-thumbnail","7":"category-rouen","8":"tag-actu","9":"tag-actualites","10":"tag-eu","11":"tag-europe","12":"tag-fr","13":"tag-france","14":"tag-news","15":"tag-normandie","16":"tag-republique-francaise","17":"tag-rouen"},"share_on_mastodon":{"url":"https:\/\/pubeurope.com\/@fr\/115119642894878021","error":""},"_links":{"self":[{"href":"https:\/\/www.europesays.com\/fr\/wp-json\/wp\/v2\/posts\/355125","targetHints":{"allow":["GET"]}}],"collection":[{"href":"https:\/\/www.europesays.com\/fr\/wp-json\/wp\/v2\/posts"}],"about":[{"href":"https:\/\/www.europesays.com\/fr\/wp-json\/wp\/v2\/types\/post"}],"author":[{"embeddable":true,"href":"https:\/\/www.europesays.com\/fr\/wp-json\/wp\/v2\/users\/2"}],"replies":[{"embeddable":true,"href":"https:\/\/www.europesays.com\/fr\/wp-json\/wp\/v2\/comments?post=355125"}],"version-history":[{"count":0,"href":"https:\/\/www.europesays.com\/fr\/wp-json\/wp\/v2\/posts\/355125\/revisions"}],"wp:featuredmedia":[{"embeddable":true,"href":"https:\/\/www.europesays.com\/fr\/wp-json\/wp\/v2\/media\/355126"}],"wp:attachment":[{"href":"https:\/\/www.europesays.com\/fr\/wp-json\/wp\/v2\/media?parent=355125"}],"wp:term":[{"taxonomy":"category","embeddable":true,"href":"https:\/\/www.europesays.com\/fr\/wp-json\/wp\/v2\/categories?post=355125"},{"taxonomy":"post_tag","embeddable":true,"href":"https:\/\/www.europesays.com\/fr\/wp-json\/wp\/v2\/tags?post=355125"}],"curies":[{"name":"wp","href":"https:\/\/api.w.org\/{rel}","templated":true}]}}