{"id":355127,"date":"2025-08-30T20:40:16","date_gmt":"2025-08-30T20:40:16","guid":{"rendered":"https:\/\/www.europesays.com\/fr\/355127\/"},"modified":"2025-08-30T20:40:16","modified_gmt":"2025-08-30T20:40:16","slug":"chl-lev-zug-domine-grenoble","status":"publish","type":"post","link":"https:\/\/www.europesays.com\/fr\/355127\/","title":{"rendered":"CHL. L&rsquo;EV Zug domine Grenoble"},"content":{"rendered":"<p>\u00a0<\/p>\n<p class=\"chapeau\">Les Br\u00fbleurs de Loups encha\u00eenent un deuxi\u00e8me revers cons\u00e9cutif en CHL en s\u2019inclinant face aux Suisses de l\u2019EV Zug, victorieux 5-1 \u00e0 Polesud. Grenoble tentera de relever la t\u00eate en fin de semaine prochaine en Allemagne.<\/p>\n<p style=\"text-align: right;\">Cr\u00e9dit photo : Fabien Baldino<\/p>\n<p>Les BDL se font surprendre d\u00e8s le premier tiers en encaissant trois buts de Nando Eggenberg, Sven Leuenberger et Gr\u00e9gory Hofmann. Sven Senteler alourdit le score \u00e0 la mi-match. Les BDL font jeu \u00e9gal sur le dernier tiers, Guillaume Leclerc r\u00e9pondant au cinqui\u00e8me but de Bengtsson. En reprenant un rebond d\u2019un tir de Matias Bachelet, l\u2019international fran\u00e7ais marque le premier but grenoblois de la comp\u00e9tition.<\/p>\n<p>Battu lors des deux premiers matchs, Grenoble devra prendre des points lors de son s\u00e9jour en Allemagne la semaine prochaine, avec un match face aux Pinguins Bremerhaven le vendredi et un autre contre l\u2019Eisb\u00e4ren Berlin le dimanche.<\/p>\n<p>Le calendrier des Br\u00fbleurs de Loups\u00a0 :<\/p>\n<ul>\n<li><strong>Jeudi 28 ao\u00fbt : Grenoble<\/strong> 0-2 SC Bern (0-0 ; 0-2 ; 0-0)<\/li>\n<li><strong>Samedi 30 ao\u00fbt : Grenoble 1-5<\/strong>\u00a0EV Zug (0-3 ; 0-1 ; 1-1)<\/li>\n<li><strong>Vendredi 5 septembre<\/strong> : Pinguins Bremerhaven \u2013\u00a0<strong>Grenoble\u00a0<\/strong>(19h30)<\/li>\n<li><strong>Dimanche 7 septembre<\/strong> : Eisb\u00e4ren Berlin \u2013\u00a0<strong>Grenoble\u00a0<\/strong>(19h00)<\/li>\n<li><strong>Mercredi 8 octobre : Grenoble<\/strong>\u00a0<strong>\u2013\u00a0<\/strong>Lausanne HC (20h15)<\/li>\n<li><strong>Mardi 14 octobre :\u00a0<\/strong>Sparta Prague \u2013\u00a0<strong>Grenoble\u00a0<\/strong>(18h30)<\/li>\n<\/ul>\n<p>\u00a0<\/p>\n","protected":false},"excerpt":{"rendered":"\u00a0 Les Br\u00fbleurs de Loups encha\u00eenent un deuxi\u00e8me revers cons\u00e9cutif en CHL en s\u2019inclinant face aux Suisses de&hellip;\n","protected":false},"author":2,"featured_media":355128,"comment_status":"","ping_status":"","sticky":false,"template":"","format":"standard","meta":{"footnotes":""},"categories":[9566],"tags":[1111,11,2430,1777,674,1011,27,2731,12,25],"class_list":{"0":"post-355127","1":"post","2":"type-post","3":"status-publish","4":"format-standard","5":"has-post-thumbnail","7":"category-grenoble","8":"tag-actu","9":"tag-actualites","10":"tag-auvergne-rhone-alpes","11":"tag-eu","12":"tag-europe","13":"tag-fr","14":"tag-france","15":"tag-grenoble","16":"tag-news","17":"tag-republique-francaise"},"share_on_mastodon":{"url":"https:\/\/pubeurope.com\/@fr\/115119654404872648","error":""},"_links":{"self":[{"href":"https:\/\/www.europesays.com\/fr\/wp-json\/wp\/v2\/posts\/355127","targetHints":{"allow":["GET"]}}],"collection":[{"href":"https:\/\/www.europesays.com\/fr\/wp-json\/wp\/v2\/posts"}],"about":[{"href":"https:\/\/www.europesays.com\/fr\/wp-json\/wp\/v2\/types\/post"}],"author":[{"embeddable":true,"href":"https:\/\/www.europesays.com\/fr\/wp-json\/wp\/v2\/users\/2"}],"replies":[{"embeddable":true,"href":"https:\/\/www.europesays.com\/fr\/wp-json\/wp\/v2\/comments?post=355127"}],"version-history":[{"count":0,"href":"https:\/\/www.europesays.com\/fr\/wp-json\/wp\/v2\/posts\/355127\/revisions"}],"wp:featuredmedia":[{"embeddable":true,"href":"https:\/\/www.europesays.com\/fr\/wp-json\/wp\/v2\/media\/355128"}],"wp:attachment":[{"href":"https:\/\/www.europesays.com\/fr\/wp-json\/wp\/v2\/media?parent=355127"}],"wp:term":[{"taxonomy":"category","embeddable":true,"href":"https:\/\/www.europesays.com\/fr\/wp-json\/wp\/v2\/categories?post=355127"},{"taxonomy":"post_tag","embeddable":true,"href":"https:\/\/www.europesays.com\/fr\/wp-json\/wp\/v2\/tags?post=355127"}],"curies":[{"name":"wp","href":"https:\/\/api.w.org\/{rel}","templated":true}]}}