{"id":355137,"date":"2025-08-30T20:45:17","date_gmt":"2025-08-30T20:45:17","guid":{"rendered":"https:\/\/www.europesays.com\/fr\/355137\/"},"modified":"2025-08-30T20:45:17","modified_gmt":"2025-08-30T20:45:17","slug":"il-a-patiente-au-dessus-de-nice-et-monaco-pendant-plusieurs-heures-un-vol-paris-bastia-dair-france-contraint-de-faire-demi-tour-en-raison-des-orages-et-des-rafales-de-vent-2","status":"publish","type":"post","link":"https:\/\/www.europesays.com\/fr\/355137\/","title":{"rendered":"Il a patient\u00e9 au-dessus de Nice et Monaco pendant plusieurs heures: un vol Paris-Bastia d\u2019Air France contraint de faire demi-tour en raison des orages et des rafales de vent"},"content":{"rendered":"<p>Le vol 4244 d\u2019Air France, initialement pr\u00e9vu entre Paris-Orly et Bastia jeudi 28 ao\u00fbt 2025, a \u00e9t\u00e9 <strong>contraint de revenir \u00e0 son point de d\u00e9part<\/strong> apr\u00e8s pr\u00e8s de <strong>trois heures de vol<\/strong>.<\/p>\n<p>Les passagers ont \u00e9t\u00e9 confront\u00e9s \u00e0 des conditions m\u00e9t\u00e9orologiques extr\u00eames qui ont rendu impossible l\u2019atterrissage sur l\u2019\u00eele de Beaut\u00e9.<\/p>\n<p><strong>Conditions m\u00e9t\u00e9o extr\u00eames et tentatives d\u2019atterrissage<\/strong><\/p>\n<p>Apr\u00e8s son d\u00e9collage aux alentours de 18h20, l\u2019Airbus a survol\u00e9 la M\u00e9diterran\u00e9e et la C\u00f4te d\u2019Azur, essayant de rejoindre Bastia. <a href=\"https:\/\/www.nicematin.com\/meteo\/nuit-en-plein-jour-rafales-a-160kmh-un-avion-souleve-du-tarmac-les-images-impressionnantes-du-gros-orage-qui-a-frappe-la-corse-jeudi-soir-999726\" target=\"_blank\" rel=\"noopener nofollow\">Les rafales atteignant 159 km\/h, la pluie, la gr\u00eale et l\u2019orage<\/a> ont emp\u00each\u00e9 toute approche s\u00e9curis\u00e9e.<\/p>\n<p>Selon les radars de suivi, l\u2019appareil a effectu\u00e9 plusieurs tours autour de Nice et Monaco dans l\u2019attente d\u2019une am\u00e9lioration des conditions ou d\u2019une ouverture de cr\u00e9neau pour atterrir. En vain.<\/p>\n<p>              <img ci-src=\"https:\/\/www.varmatin.com\/transports\/vol+d%C3%A9rout%C3%A9-P4tUgeAG.png?vh=1b0bdf&amp;ci_seal=162f2490e1\" alt=\"\"\/><br \/>\n        Le vol AF4244 d&rsquo;Air France a tourn\u00e9 au-dessus de Nice et Monaco pendant un long moment en esp\u00e9rant pouvoir se poser. Faute de solution, l&rsquo;Airbus A320 a fait demi-retour et s&rsquo;est finalement pos\u00e9 \u00e0 Paris-Orly, d&rsquo;o\u00f9 il \u00e9tait parti. <strong>Capture d&rsquo;\u00e9cran Flight Radar.<\/strong> <\/p>\n<p>Les pilotes ont alors pris la d\u00e9cision de rebrousser chemin, survolant Montpellier et Tours avant de <strong>regagner Paris-Orly<\/strong>, o\u00f9 l\u2019Airbus a finalement atterri sans incident.<\/p>\n<p><strong>Perturbations \u00e9tendues du trafic a\u00e9rien corse<\/strong><\/p>\n<p>Ces orages ont affect\u00e9 l\u2019ensemble du trafic a\u00e9rien en Corse. De nombreux vols en provenance d\u2019Orly et de Marseille ont \u00e9t\u00e9 d\u00e9rout\u00e9s, certains vers Nice lorsque cela \u00e9tait possible.<\/p>\n<p>L\u2019a\u00e9roport de Calvi, lui aussi touch\u00e9 par les intemp\u00e9ries, \u00e9tait impraticable.<\/p>\n<p>Les passagers du vol 4244 ont pass\u00e9 plus de trois heures dans l\u2019avion sans possibilit\u00e9 d\u2019atterrissage, un temps exceptionnellement long pour un trajet habituellement d\u2019environ une heure, le tout pour finalement revenir au point de d\u00e9part.<\/p>\n<p>Apr\u00e8s la nuit du 28 ao\u00fbt, les orages se sont calm\u00e9s et la journ\u00e9e du vendredi 29 ao\u00fbt a permis une reprise normale du trafic a\u00e9rien en Corse. Toutefois, M\u00e9t\u00e9o-France a maintenu une vigilance jaune pour orages jusqu\u2019au samedi 30 ao\u00fbt.<\/p>\n","protected":false},"excerpt":{"rendered":"Le vol 4244 d\u2019Air France, initialement pr\u00e9vu entre Paris-Orly et Bastia jeudi 28 ao\u00fbt 2025, a \u00e9t\u00e9 contraint&hellip;\n","protected":false},"author":2,"featured_media":355146,"comment_status":"","ping_status":"","sticky":false,"template":"","format":"standard","meta":{"footnotes":""},"categories":[2819],"tags":[1111,11,1777,674,1011,27,12,2401,882,25,800],"class_list":{"0":"post-355137","1":"post","2":"type-post","3":"status-publish","4":"format-standard","5":"has-post-thumbnail","7":"category-nice","8":"tag-actu","9":"tag-actualites","10":"tag-eu","11":"tag-europe","12":"tag-fr","13":"tag-france","14":"tag-news","15":"tag-nice","16":"tag-provence-alpes-cote-dazur","17":"tag-republique-francaise","18":"tag-transports"},"share_on_mastodon":{"url":"https:\/\/pubeurope.com\/@fr\/115119673979824247","error":""},"_links":{"self":[{"href":"https:\/\/www.europesays.com\/fr\/wp-json\/wp\/v2\/posts\/355137","targetHints":{"allow":["GET"]}}],"collection":[{"href":"https:\/\/www.europesays.com\/fr\/wp-json\/wp\/v2\/posts"}],"about":[{"href":"https:\/\/www.europesays.com\/fr\/wp-json\/wp\/v2\/types\/post"}],"author":[{"embeddable":true,"href":"https:\/\/www.europesays.com\/fr\/wp-json\/wp\/v2\/users\/2"}],"replies":[{"embeddable":true,"href":"https:\/\/www.europesays.com\/fr\/wp-json\/wp\/v2\/comments?post=355137"}],"version-history":[{"count":0,"href":"https:\/\/www.europesays.com\/fr\/wp-json\/wp\/v2\/posts\/355137\/revisions"}],"wp:featuredmedia":[{"embeddable":true,"href":"https:\/\/www.europesays.com\/fr\/wp-json\/wp\/v2\/media\/355146"}],"wp:attachment":[{"href":"https:\/\/www.europesays.com\/fr\/wp-json\/wp\/v2\/media?parent=355137"}],"wp:term":[{"taxonomy":"category","embeddable":true,"href":"https:\/\/www.europesays.com\/fr\/wp-json\/wp\/v2\/categories?post=355137"},{"taxonomy":"post_tag","embeddable":true,"href":"https:\/\/www.europesays.com\/fr\/wp-json\/wp\/v2\/tags?post=355137"}],"curies":[{"name":"wp","href":"https:\/\/api.w.org\/{rel}","templated":true}]}}