{"id":355138,"date":"2025-08-30T20:51:13","date_gmt":"2025-08-30T20:51:13","guid":{"rendered":"https:\/\/www.europesays.com\/fr\/355138\/"},"modified":"2025-08-30T20:51:13","modified_gmt":"2025-08-30T20:51:13","slug":"lyon-lille-nice-les-calendriers-complets-de-la-ligue-europa","status":"publish","type":"post","link":"https:\/\/www.europesays.com\/fr\/355138\/","title":{"rendered":"Lyon, Lille, Nice, les calendriers complets de la Ligue Europa"},"content":{"rendered":"<p><strong>Lyonnais, Lillois et Ni\u00e7ois sont<br \/>\nd\u2019ores et d\u00e9j\u00e0 fix\u00e9s quant \u00e0 leur calendrier continental cette<br \/>\nsaison en Ligue Europa.<\/strong><\/p>\n<p>L\u2019UEFA a lev\u00e9 le voile ce samedi sur les calendriers complets<br \/>\ndes \u00e9quipes engag\u00e9es en Ligue Europa. L\u2019OL, le LOSC et l\u2019OGC Nice<br \/>\nsont ainsi fix\u00e9s sur leurs copieux menus respectifs.<\/p>\n<p><strong>Le calendrier de l\u2019OL<\/strong><br \/>25 septembre : Utrecht (HOL) \u2013 Lyon \u00e0 21 heures<br \/>2 octobre : Lyon \u2013 Salzbourg (AUT) \u00e0 21 heures<br \/>23 octobre : Lyon \u2013 B\u00e2le (SUI) \u00e0 18h45<br \/>6 novembre : Real Betis (ESP) \u2013 Lyon \u00e0 21 heures<br \/>27 novembre : Maccabi Tel-Aviv (ISR) \u2013 Lyon \u00e0 21 heures<br \/>11 d\u00e9cembre : Lyon \u2013 Go Ahead Eagles (HOL) \u00e0 21 heures<br \/>22 janvier : Young Boys \u2013 Lyon \u00e0 18h45<br \/>29 janvier : Lyon \u2013 PAOK (GRE) \u00e0 21 heures<\/p>\n<p><strong>Le calendrier du LOSC<\/strong><br \/>25 septembre : Lille \u2013 Brann (NOR) \u00e0 18h45<br \/>2 octobre : AS Rome (ITA) \u2013 Lille \u00e0 18h45<br \/>23 octobre : Lille \u2013 PAOK (GRE) \u00e0 21 heures<br \/>6 novembre : \u00c9toile Rouge Belgrade (SER) \u2013 Lille \u00e0 18h45<br \/>27 novembre : Lille \u2013 Dinamo Zagreb (CRO) \u00e0 18h45<br \/>11 d\u00e9cembre : Young Boys Berne (SUI) \u2013 Lille \u00e0 18h45<br \/>22 janvier : Celta Vigo (ESP) \u2013 Lille \u00e0 21 heures<br \/>29 janvier : Lille \u2013 Fribourg (ALL) \u00e0 21 heures<\/p>\n<p><strong>Le calendrier de l\u2019OGC Nice<\/strong><br \/>24 septembre : Nice \u2013 AS Rome (ITA)<br \/>2 octobre : Fenerbah\u00e7e (TUR) \u2013 Nice<br \/>23 octobre : Celta Vigo (ESP) \u2013 Nice<br \/>6 novembre : Nice \u2013 Fribourg (ALL)<br \/>27 novembre : FC Porto (POR) \u2013 Nice<br \/>11 d\u00e9cembre : Nice \u2013 Braga (POR)<br \/>22 janvier : Nice \u2013 Go Ahead Eagles (HOL)<br \/>29 janvier : Ludogorets (BUL) \u2013 Nice<\/p>\n","protected":false},"excerpt":{"rendered":"Lyonnais, Lillois et Ni\u00e7ois sont d\u2019ores et d\u00e9j\u00e0 fix\u00e9s quant \u00e0 leur calendrier continental cette saison en Ligue&hellip;\n","protected":false},"author":2,"featured_media":355139,"comment_status":"","ping_status":"","sticky":false,"template":"","format":"standard","meta":{"footnotes":""},"categories":[2819],"tags":[1111,11,1777,674,1011,27,12,2401,882,25],"class_list":{"0":"post-355138","1":"post","2":"type-post","3":"status-publish","4":"format-standard","5":"has-post-thumbnail","7":"category-nice","8":"tag-actu","9":"tag-actualites","10":"tag-eu","11":"tag-europe","12":"tag-fr","13":"tag-france","14":"tag-news","15":"tag-nice","16":"tag-provence-alpes-cote-dazur","17":"tag-republique-francaise"},"share_on_mastodon":{"url":"https:\/\/pubeurope.com\/@fr\/115119697629096677","error":""},"_links":{"self":[{"href":"https:\/\/www.europesays.com\/fr\/wp-json\/wp\/v2\/posts\/355138","targetHints":{"allow":["GET"]}}],"collection":[{"href":"https:\/\/www.europesays.com\/fr\/wp-json\/wp\/v2\/posts"}],"about":[{"href":"https:\/\/www.europesays.com\/fr\/wp-json\/wp\/v2\/types\/post"}],"author":[{"embeddable":true,"href":"https:\/\/www.europesays.com\/fr\/wp-json\/wp\/v2\/users\/2"}],"replies":[{"embeddable":true,"href":"https:\/\/www.europesays.com\/fr\/wp-json\/wp\/v2\/comments?post=355138"}],"version-history":[{"count":0,"href":"https:\/\/www.europesays.com\/fr\/wp-json\/wp\/v2\/posts\/355138\/revisions"}],"wp:featuredmedia":[{"embeddable":true,"href":"https:\/\/www.europesays.com\/fr\/wp-json\/wp\/v2\/media\/355139"}],"wp:attachment":[{"href":"https:\/\/www.europesays.com\/fr\/wp-json\/wp\/v2\/media?parent=355138"}],"wp:term":[{"taxonomy":"category","embeddable":true,"href":"https:\/\/www.europesays.com\/fr\/wp-json\/wp\/v2\/categories?post=355138"},{"taxonomy":"post_tag","embeddable":true,"href":"https:\/\/www.europesays.com\/fr\/wp-json\/wp\/v2\/tags?post=355138"}],"curies":[{"name":"wp","href":"https:\/\/api.w.org\/{rel}","templated":true}]}}