{"id":355163,"date":"2025-08-30T21:09:12","date_gmt":"2025-08-30T21:09:12","guid":{"rendered":"https:\/\/www.europesays.com\/fr\/355163\/"},"modified":"2025-08-30T21:09:12","modified_gmt":"2025-08-30T21:09:12","slug":"a-lyon-un-memorial-de-la-shoah-degrade-par-un-tag-free-gaza","status":"publish","type":"post","link":"https:\/\/www.europesays.com\/fr\/355163\/","title":{"rendered":"\u00c0 Lyon, un m\u00e9morial de la Shoah d\u00e9grad\u00e9 par un tag \u00ab\u00a0Free Gaza\u00a0\u00bb"},"content":{"rendered":"<p>        <img decoding=\"async\" loading=\"lazy\" src=\"https:\/\/www.europesays.com\/fr\/wp-content\/uploads\/2025\/08\/6b05f9a_upload-1-seriyvhij9qe-afp-20250509-hl-abonnard-2746049-v2-highres-franceshoahmemorialtribute.jpeg\"  width=\"728\" height=\"409\" alt=\"Le M\u00e9morial de la Shoah de Lyon, ici photographi\u00e9 le 27\u00a0avril 2025, a \u00e9t\u00e9 d\u00e9grad\u00e9 ce samedi 30\u00a0ao\u00fbt 2025\u00a0par un tag \u00ab\u00a0Free Gaza\u00a0\u00bb.\"\/>  <\/p>\n<p>ALBIN BONNARD \/ Hans Lucas via AFP<\/p>\n<p>Le M\u00e9morial de la Shoah de Lyon, ici photographi\u00e9 le 27\u00a0avril 2025, a \u00e9t\u00e9 d\u00e9grad\u00e9 ce samedi 30\u00a0ao\u00fbt 2025\u00a0par un tag \u00ab\u00a0Free Gaza\u00a0\u00bb.<\/p>\n<p class=\"asset asset-text\">ANTISEMITISME &#8211; Une inscription \u00ab\u00a0Free Gaza\u00a0\u00bb a \u00e9t\u00e9 d\u00e9couverte ce samedi 30\u00a0ao\u00fbt sur un m\u00e9morial d\u00e9di\u00e9 \u00e0 la <a href=\"https:\/\/www.huffingtonpost.fr\/medias\/article\/france-2-diffuse-shoah-en-prime-time-un-documentaire-de-9h30-pour-interpeller-la-memoire-commune_229072.html\" target=\"_blank\" rel=\"noopener\">Shoah<\/a> au centre de <a href=\"https:\/\/www.huffingtonpost.fr\/politique\/article\/le-coup-de-pression-de-la-veuve-de-gerard-collomb-a-jean-michel-aulas_254183.html\" target=\"_blank\" rel=\"noopener\">Lyon<\/a>, a annonc\u00e9 \u00e0 l\u2019AFP la ville, dont le maire, Gr\u00e9gory Doucet, a aussit\u00f4t d\u00e9nonc\u00e9 un \u00ab\u00a0acte intol\u00e9rable\u00a0\u00bb.<\/p>\n<p class=\"asset asset-text\">La mairie a fourni \u00e0 l\u2019AFP une photo de l\u2019inscription, grav\u00e9e manifestement avec un objet pointu dans le marbre noir d\u2019une plaque de pr\u00e9sentation du monument.<\/p>\n<p class=\"asset asset-text\">\u00ab\u00a0La d\u00e9gradation du M\u00e9morial de la Shoah \u00e0 Lyon est un acte intol\u00e9rable. Je le condamne et exprime toute ma solidarit\u00e9 aux associations de m\u00e9moire, aux rescap\u00e9s et \u00e0 leurs descendants\u00a0\u00bb, \u00e9crit Gr\u00e9gory Doucet dans un message transmis \u00e0 l\u2019AFP. \u00ab\u00a0Les auteurs seront recherch\u00e9s et poursuivis. Lyon reste debout face \u00e0 la haine, \u00e0 l\u2019antis\u00e9mitisme et au racisme\u00a0\u00bb, poursuit le maire.<\/p>\n<p>    \u00ab\u00a0\u00c9videmment un acte antis\u00e9mite\u00a0\u00bb    <\/p>\n<p class=\"asset asset-text\">\u00c0 proximit\u00e9 de la gare de Lyon-Perrache en centre-ville, le monument, nomm\u00e9 Les Rails de la m\u00e9moire, a \u00e9t\u00e9 inaugur\u00e9 en janvier\u00a02025 pour les 80\u00a0ans de la lib\u00e9ration du camp d\u2019Auschwitz-Birkenau.<\/p>\n<p class=\"asset asset-text\">Cet empilement de rails entrecrois\u00e9s sur 3\u00a0m\u00e8tres de haut symbolise le point de d\u00e9part des convois de d\u00e9port\u00e9s et arbore en lettres dor\u00e9es l\u2019inscription suivante\u00a0: \u00ab\u00a0En m\u00e9moire des six millions de Juifs victimes de la Shoah dont un million et demi d\u2019enfants &#8211; 1941-1945 &#8211; 6\u00a0100 venaient de notre r\u00e9gion\u00a0\u00bb.<\/p>\n<p> La lecture de ce contenu est susceptible d\u2019entra\u00eener un d\u00e9p\u00f4t de cookies de la part de l\u2019op\u00e9rateur tiers qui l\u2019h\u00e9berge. Compte-tenu des choix que vous avez exprim\u00e9s en mati\u00e8re de d\u00e9p\u00f4t de cookies, nous avons bloqu\u00e9 l\u2019affichage de ce contenu. Si vous souhaitez y acc\u00e9der, vous devez accepter la cat\u00e9gorie de cookies \u201cContenus tiers\u201d en cliquant sur le bouton ci-dessous. <\/p>\n<p> Lire la Vid\u00e9o        <\/p>\n<p class=\"asset asset-text\">\u00ab\u00a0Le fait que cette inscription ait \u00e9t\u00e9 faite sur un m\u00e9morial \u00e0 la Shoah rel\u00e8ve \u00e9videmment d\u2019un acte antis\u00e9mite\u00a0\u00bb, a comment\u00e9 aupr\u00e8s de l\u2019AFP un responsable du cabinet de la mairie. La municipalit\u00e9 a rapidement fait effacer l\u2019inscription et \u00ab\u00a0restaurera la semaine prochaine l\u2019int\u00e9grit\u00e9 de la plaque\u00a0\u00bb, a pr\u00e9cis\u00e9 cette source.<\/p>\n<p class=\"asset asset-text\">Le pr\u00e9sident de l\u2019association du M\u00e9morial de la Shoah, Jean-Olivier Viout, a d\u00e9pos\u00e9 une plainte, selon la mairie.<\/p>\n<p class=\"asset asset-text\">Les actes antis\u00e9mites ont connu une nette progression en France apr\u00e8s le 7\u00a0octobre\u00a02023, date des attaques terroristes du Hamas contre Isra\u00ebl et du d\u00e9clenchement de la guerre \u00e0 Gaza. Sur les six premiers mois de l\u2019ann\u00e9e 2025, 646 actes antis\u00e9mites ont \u00e9t\u00e9 recens\u00e9s dans le pays, selon le minist\u00e8re de l\u2019Int\u00e9rieur. Soit une diminution de 27,5\u00a0% comparativement au premier semestre de 2024, mais un bond de 112,5\u00a0% par rapport \u00e0 la m\u00eame p\u00e9riode de 2023.<\/p>\n","protected":false},"excerpt":{"rendered":"ALBIN BONNARD \/ Hans Lucas via AFP Le M\u00e9morial de la Shoah de Lyon, ici photographi\u00e9 le 27\u00a0avril&hellip;\n","protected":false},"author":2,"featured_media":355164,"comment_status":"","ping_status":"","sticky":false,"template":"","format":"standard","meta":{"footnotes":""},"categories":[1889],"tags":[1111,11,6155,2430,1777,674,1011,27,2428,12,25,10775],"class_list":{"0":"post-355163","1":"post","2":"type-post","3":"status-publish","4":"format-standard","5":"has-post-thumbnail","7":"category-lyon","8":"tag-actu","9":"tag-actualites","10":"tag-antisemitisme","11":"tag-auvergne-rhone-alpes","12":"tag-eu","13":"tag-europe","14":"tag-fr","15":"tag-france","16":"tag-lyon","17":"tag-news","18":"tag-republique-francaise","19":"tag-shoah"},"share_on_mastodon":{"url":"https:\/\/pubeurope.com\/@fr\/115119768445506528","error":""},"_links":{"self":[{"href":"https:\/\/www.europesays.com\/fr\/wp-json\/wp\/v2\/posts\/355163","targetHints":{"allow":["GET"]}}],"collection":[{"href":"https:\/\/www.europesays.com\/fr\/wp-json\/wp\/v2\/posts"}],"about":[{"href":"https:\/\/www.europesays.com\/fr\/wp-json\/wp\/v2\/types\/post"}],"author":[{"embeddable":true,"href":"https:\/\/www.europesays.com\/fr\/wp-json\/wp\/v2\/users\/2"}],"replies":[{"embeddable":true,"href":"https:\/\/www.europesays.com\/fr\/wp-json\/wp\/v2\/comments?post=355163"}],"version-history":[{"count":0,"href":"https:\/\/www.europesays.com\/fr\/wp-json\/wp\/v2\/posts\/355163\/revisions"}],"wp:featuredmedia":[{"embeddable":true,"href":"https:\/\/www.europesays.com\/fr\/wp-json\/wp\/v2\/media\/355164"}],"wp:attachment":[{"href":"https:\/\/www.europesays.com\/fr\/wp-json\/wp\/v2\/media?parent=355163"}],"wp:term":[{"taxonomy":"category","embeddable":true,"href":"https:\/\/www.europesays.com\/fr\/wp-json\/wp\/v2\/categories?post=355163"},{"taxonomy":"post_tag","embeddable":true,"href":"https:\/\/www.europesays.com\/fr\/wp-json\/wp\/v2\/tags?post=355163"}],"curies":[{"name":"wp","href":"https:\/\/api.w.org\/{rel}","templated":true}]}}