{"id":355165,"date":"2025-08-30T21:11:11","date_gmt":"2025-08-30T21:11:11","guid":{"rendered":"https:\/\/www.europesays.com\/fr\/355165\/"},"modified":"2025-08-30T21:11:11","modified_gmt":"2025-08-30T21:11:11","slug":"avez-vous-un-des-400-000-velos-finances-en-ile-de-france","status":"publish","type":"post","link":"https:\/\/www.europesays.com\/fr\/355165\/","title":{"rendered":"Avez-vous un des 400 000 v\u00e9los financ\u00e9s en \u00cele-de-France ?"},"content":{"rendered":"<p><strong>Plus de 400 000 habitants d\u2019\u00cele-de-France ont d\u00e9j\u00e0 profit\u00e9 de l\u2019aide \u00e0 l\u2019achat de v\u00e9los, confirmant le succ\u00e8s du dispositif.<\/strong><\/p>\n<p>Depuis 2020, \u00cele-de-France Mobilit\u00e9s (IDFM) soutient activement la pratique du v\u00e9lo gr\u00e2ce \u00e0 une aide \u00e0 l\u2019achat qui rencontre un large succ\u00e8s. Plus de 400 000 demandes ont d\u00e9j\u00e0 \u00e9t\u00e9 d\u00e9pos\u00e9es, repr\u00e9sentant pr\u00e8s de 150 millions d\u2019euros vers\u00e9s aux habitants de la r\u00e9gion.<\/p>\n<p>L\u2019objectif est clair : r\u00e9duire le nombre de v\u00e9hicules motoris\u00e9s et tripler la pratique du v\u00e9lo d\u2019ici 2030. Pour y parvenir, IDFM s\u2019appuie sur trois leviers : le service V\u00e9ligo Location, le dispositif d\u2019aides \u00e0 l\u2019achat, et le d\u00e9veloppement de solutions de stationnement s\u00e9curis\u00e9es pr\u00e8s des gares.<\/p>\n<p>L\u2019aide financi\u00e8re couvre sept types de v\u00e9los. Les Franciliens peuvent obtenir 400 \u20ac pour un mod\u00e8le \u00e0 assistance \u00e9lectrique, un pliant ou un cargo sans assistance, et jusqu\u2019\u00e0 600 \u20ac pour un cargo \u00e9lectrique. Les personnes en situation de handicap peuvent b\u00e9n\u00e9ficier de 1 200 \u20ac pour un v\u00e9lo adapt\u00e9. Les kits d\u2019\u00e9lectrification ouvrent droit \u00e0 200 \u20ac, et les jeunes de 15 \u00e0 25 ans peuvent obtenir 100 \u20ac. Les v\u00e9los reconditionn\u00e9s sont \u00e9galement \u00e9ligibles, et une nouvelle demande peut \u00eatre d\u00e9pos\u00e9e au bout de cinq ans.<\/p>\n<p>Selon les chiffres communiqu\u00e9s, 74 % des aides concernent des mod\u00e8les \u00e0 assistance \u00e9lectrique, contre 12 % pour les cargos et 10 % pour les pliants. Surtout, l\u2019impact sur les pratiques est notable : 61 % des b\u00e9n\u00e9ficiaires d\u00e9clarent utiliser plus souvent leur v\u00e9lo, parfois plusieurs ann\u00e9es apr\u00e8s l\u2019achat, et 81 % affirment rouler toute l\u2019ann\u00e9e.<\/p>\n<p class=\"cross-article__title\">\n        Cet article pourraitvous int\u00e9resser :    <\/p>\n<p>            <img decoding=\"async\" src=\"https:\/\/www.europesays.com\/fr\/wp-content\/uploads\/2025\/08\/VTC-ELECTRIQUE-E-ACTV-100-3.jpg\"   alt=\"\"\/><\/p>\n<p>            <a href=\"https:\/\/mobiwisy.fr\/velo\/decathlon-location-un-vtc-electrique-a-15-e-jour-un-bon-plan\" rel=\"nofollow noopener\" target=\"_blank\"><br \/>\n                Decathlon Location : un VTC \u00e9lectrique \u00e0 1,5 \u20ac\/jour, un bon plan ?            <\/a><\/p>\n<p>En parall\u00e8le, IDFM a mis en place depuis 2024 une aide \u00e0 la location pour les entreprises, \u00e0 hauteur de 150 \u20ac par unit\u00e9 et par an, afin de favoriser les d\u00e9placements domicile-travail et les activit\u00e9s professionnelles.<\/p>\n<p>Enfin, le service V\u00e9ligo Location, lanc\u00e9 en 2019, continue de s\u00e9duire. Avec 20 000 v\u00e9los \u00e9lectriques et 1 000 cargos en circulation, il a d\u00e9j\u00e0 convaincu 120 000 usagers, confirmant l\u2019essor du v\u00e9lo dans la r\u00e9gion capitale.<\/p>\n<p><strong>\u00c0 LIRE AUSSI : <a href=\"https:\/\/mobiwisy.fr\/velo\/voici-les-meilleures-balades-a-velo-a-paris\" rel=\"nofollow noopener\" target=\"_blank\">Voici les meilleures balades \u00e0 v\u00e9lo \u00e0 Paris<\/a><\/strong><\/p>\n","protected":false},"excerpt":{"rendered":"Plus de 400 000 habitants d\u2019\u00cele-de-France ont d\u00e9j\u00e0 profit\u00e9 de l\u2019aide \u00e0 l\u2019achat de v\u00e9los, confirmant le succ\u00e8s&hellip;\n","protected":false},"author":2,"featured_media":355166,"comment_status":"","ping_status":"","sticky":false,"template":"","format":"standard","meta":{"footnotes":""},"categories":[1592],"tags":[1111,11,1008,1777,674,1011,27,662,10883,12,626,25,208],"class_list":{"0":"post-355165","1":"post","2":"type-post","3":"status-publish","4":"format-standard","5":"has-post-thumbnail","7":"category-ile-de-france","8":"tag-actu","9":"tag-actualites","10":"tag-aides","11":"tag-eu","12":"tag-europe","13":"tag-fr","14":"tag-france","15":"tag-ile-de-france","16":"tag-ile-de-france-mobilites","17":"tag-news","18":"tag-paris","19":"tag-republique-francaise","20":"tag-velo"},"share_on_mastodon":{"url":"https:\/\/pubeurope.com\/@fr\/115119776348068930","error":""},"_links":{"self":[{"href":"https:\/\/www.europesays.com\/fr\/wp-json\/wp\/v2\/posts\/355165","targetHints":{"allow":["GET"]}}],"collection":[{"href":"https:\/\/www.europesays.com\/fr\/wp-json\/wp\/v2\/posts"}],"about":[{"href":"https:\/\/www.europesays.com\/fr\/wp-json\/wp\/v2\/types\/post"}],"author":[{"embeddable":true,"href":"https:\/\/www.europesays.com\/fr\/wp-json\/wp\/v2\/users\/2"}],"replies":[{"embeddable":true,"href":"https:\/\/www.europesays.com\/fr\/wp-json\/wp\/v2\/comments?post=355165"}],"version-history":[{"count":0,"href":"https:\/\/www.europesays.com\/fr\/wp-json\/wp\/v2\/posts\/355165\/revisions"}],"wp:featuredmedia":[{"embeddable":true,"href":"https:\/\/www.europesays.com\/fr\/wp-json\/wp\/v2\/media\/355166"}],"wp:attachment":[{"href":"https:\/\/www.europesays.com\/fr\/wp-json\/wp\/v2\/media?parent=355165"}],"wp:term":[{"taxonomy":"category","embeddable":true,"href":"https:\/\/www.europesays.com\/fr\/wp-json\/wp\/v2\/categories?post=355165"},{"taxonomy":"post_tag","embeddable":true,"href":"https:\/\/www.europesays.com\/fr\/wp-json\/wp\/v2\/tags?post=355165"}],"curies":[{"name":"wp","href":"https:\/\/api.w.org\/{rel}","templated":true}]}}