{"id":355167,"date":"2025-08-30T21:12:22","date_gmt":"2025-08-30T21:12:22","guid":{"rendered":"https:\/\/www.europesays.com\/fr\/355167\/"},"modified":"2025-08-30T21:12:22","modified_gmt":"2025-08-30T21:12:22","slug":"ubb-sevens-vainqueurs-de-pau-paris-nous-voici-actualites-union-bordeaux-begles-ubb-rugby","status":"publish","type":"post","link":"https:\/\/www.europesays.com\/fr\/355167\/","title":{"rendered":"UBB Sevens : Vainqueurs de Pau, Paris nous voici ! &#8211; Actualit\u00e9s &#8211; Union Bordeaux B\u00e8gles (UBB Rugby)"},"content":{"rendered":"<p>                    Ils l&rsquo;ont fait ! Apr\u00e8s deux \u00e9tapes difficiles, nos septistes devaient \u00e0 tout prix livrer une grosse prestation pour remporter leur ticket pour la finale parisienne en f\u00e9vrier. Chose faite puisqu&rsquo;ils remportent l&rsquo;\u00e9tape paloise face \u00e0 Monaco au terme d&rsquo;un tournoi sans faute !<\/p>\n<p><img loading=\"lazy\" decoding=\"async\" src=\"https:\/\/www.europesays.com\/fr\/wp-content\/uploads\/2025\/08\/DSC05962.jpg\" alt=\"\" width=\"1200\" height=\"1200\"\/><\/p>\n<p>Quoi de plus compliqu\u00e9 que de rencontrer les h\u00f4tes de l&rsquo;\u00e9tape pour d\u00e9buter cette journ\u00e9e ? Jamais battus sur leur terrain, les Palois s&rsquo;inclinaient face \u00e0 une \u00e9quipe construite et organis\u00e9e. Le match \u00e9tait remport\u00e9 5-35.<\/p>\n<p>Une belle \u00e9quipe de Bayonne attendait nos joueurs en quart de finale. Alors qu&rsquo;ils avaient d\u00e9jou\u00e9 les Montpelli\u00e9rains, Bayonne n&rsquo;a pas trouv\u00e9 la solution contre nos Girondins, qui se qualifiaient en demie sur le score de 26-7.<\/p>\n<p>Les Catalans ne parvenaient pas \u00e0 scorer lors de la premi\u00e8re mi-temps. Erwann Abdelkrim venait marquer un doubl\u00e9 d&rsquo;anthologie gr\u00e2ce \u00e0 des coups de pied \u00e0 suivre aplatis dans l&rsquo;en-but. L&rsquo;UBB Sevens se qualifiait en finale : 24-17.<\/p>\n<p>Monaco comptait bien marquer l&rsquo;histoire en remportant les trois \u00e9tapes de ce Supersevens 2025. Les deux \u00e9quipes, au coude \u00e0 coude, livraient un gros combat et nos Girondins ne l\u00e2chaient rien, parvenant \u00e0 garder l&rsquo;avantage jusqu&rsquo;\u00e0 la derni\u00e8re seconde (19-14). Pour la premi\u00e8re fois de son histoire, l&rsquo;UBB Sevens remportait l&rsquo;\u00e9tape paloise.<\/p>\n<p><strong>Cap sur la finale \u00e0 l\u2019Arena en f\u00e9vrier. En attendant, Laurent Ferr\u00e8res pourra savourer son anniversaire de la plus belle des mani\u00e8res.<\/strong><\/p>\n","protected":false},"excerpt":{"rendered":"Ils l&rsquo;ont fait ! Apr\u00e8s deux \u00e9tapes difficiles, nos septistes devaient \u00e0 tout prix livrer une grosse prestation&hellip;\n","protected":false},"author":2,"featured_media":355168,"comment_status":"","ping_status":"","sticky":false,"template":"","format":"standard","meta":{"footnotes":""},"categories":[1888],"tags":[1111,1928,47,11,1927,4402,1997,4404,4401,4356,4400,4357,1983,1777,674,1011,27,1987,1114,2947,955,12,1926,626,1925,4048,25,479,517,2858,478,4364,4403,1264],"class_list":{"0":"post-355167","1":"post","2":"type-post","3":"status-publish","4":"format-standard","5":"has-post-thumbnail","7":"category-paris","8":"tag-actu","9":"tag-actu-paris","10":"tag-actualite","11":"tag-actualites","12":"tag-actualites-paris","13":"tag-begles","14":"tag-bordeaux","15":"tag-chaban","16":"tag-challenge-cup","17":"tag-coronavirus","18":"tag-covid","19":"tag-covid-19","20":"tag-essai","21":"tag-eu","22":"tag-europe","23":"tag-fr","24":"tag-france","25":"tag-girondins","26":"tag-infos","27":"tag-lnr","28":"tag-match","29":"tag-news","30":"tag-news-paris","31":"tag-paris","32":"tag-paris-news","33":"tag-presse","34":"tag-republique-francaise","35":"tag-rugby","36":"tag-sport","37":"tag-stade","38":"tag-top-14","39":"tag-ubb","40":"tag-union","41":"tag-victoire"},"share_on_mastodon":{"url":"https:\/\/pubeurope.com\/@fr\/115119780353563105","error":""},"_links":{"self":[{"href":"https:\/\/www.europesays.com\/fr\/wp-json\/wp\/v2\/posts\/355167","targetHints":{"allow":["GET"]}}],"collection":[{"href":"https:\/\/www.europesays.com\/fr\/wp-json\/wp\/v2\/posts"}],"about":[{"href":"https:\/\/www.europesays.com\/fr\/wp-json\/wp\/v2\/types\/post"}],"author":[{"embeddable":true,"href":"https:\/\/www.europesays.com\/fr\/wp-json\/wp\/v2\/users\/2"}],"replies":[{"embeddable":true,"href":"https:\/\/www.europesays.com\/fr\/wp-json\/wp\/v2\/comments?post=355167"}],"version-history":[{"count":0,"href":"https:\/\/www.europesays.com\/fr\/wp-json\/wp\/v2\/posts\/355167\/revisions"}],"wp:featuredmedia":[{"embeddable":true,"href":"https:\/\/www.europesays.com\/fr\/wp-json\/wp\/v2\/media\/355168"}],"wp:attachment":[{"href":"https:\/\/www.europesays.com\/fr\/wp-json\/wp\/v2\/media?parent=355167"}],"wp:term":[{"taxonomy":"category","embeddable":true,"href":"https:\/\/www.europesays.com\/fr\/wp-json\/wp\/v2\/categories?post=355167"},{"taxonomy":"post_tag","embeddable":true,"href":"https:\/\/www.europesays.com\/fr\/wp-json\/wp\/v2\/tags?post=355167"}],"curies":[{"name":"wp","href":"https:\/\/api.w.org\/{rel}","templated":true}]}}