{"id":355171,"date":"2025-08-30T21:14:15","date_gmt":"2025-08-30T21:14:15","guid":{"rendered":"https:\/\/www.europesays.com\/fr\/355171\/"},"modified":"2025-08-30T21:14:15","modified_gmt":"2025-08-30T21:14:15","slug":"villejuif-un-pakistanais-radicalise-poursuivi-pour-tentative-dhomicide-sechappe-dun-hopital-psychiatrique","status":"publish","type":"post","link":"https:\/\/www.europesays.com\/fr\/355171\/","title":{"rendered":"Villejuif : un Pakistanais radicalis\u00e9 poursuivi pour tentative d&rsquo;homicide s&rsquo;\u00e9chappe d&rsquo;un h\u00f4pital psychiatrique"},"content":{"rendered":"<p>                                            Faits divers\n                                                                            <\/p>\n<p>\n                                            Un homme dans la trentaine, impliqu\u00e9 dans une affaire de tentative d\u2019homicide volontaire, a r\u00e9ussi \u00e0 s\u2019\u00e9vader mercredi 27 ao\u00fbt de l\u2019h\u00f4pital psychiatrique o\u00f9 il \u00e9tait plac\u00e9. L\u2019individu est activement recherch\u00e9.                                        <\/p>\n<p>                                                Publi\u00e9 le 30 ao\u00fbt 2025 \u00e0 12h55                                                                                            <\/p>\n<p>                                            <img loading=\"lazy\" width=\"1024\" height=\"682\" src=\"https:\/\/www.europesays.com\/fr\/wp-content\/uploads\/2025\/06\/SIPA_01041734_000001.jpg\" class=\"attachment-post-thumbnail size-post-thumbnail wp-post-image lazy\" alt=\"Un Pakistanais radicalis\u00e9 s'\u00e9chappe d'un h\u00f4pital psychiatrique \u00e0 Villejuif \u00a9 Mathieu Pattier\/SIPA\" decoding=\"async\"  data-\/><\/p>\n<p>                                            Un Pakistanais radicalis\u00e9 s&rsquo;\u00e9chappe d&rsquo;un h\u00f4pital psychiatrique \u00e0 Villejuif \u00a9 Mathieu Pattier\/SIPA<\/p>\n<p data-start=\"119\" data-end=\"627\">Mercredi 27 ao\u00fbt 2025, \u00e0 11\u202fh\u202f15, les forces de l\u2019ordre ont \u00e9t\u00e9 alert\u00e9es de la disparition d\u2019un patient de l\u2019h\u00f4pital psychiatrique Paul Guiraud, a appris Valeurs actuelles de sources polici\u00e8res. L\u2019homme avait \u00e9t\u00e9 plac\u00e9 en internement apr\u00e8s son arrestation le 3 ao\u00fbt 2025, \u00e0 la suite d\u2019une tentative d\u2019homicide et de violences volontaires avec arme survenue \u00e0 Ablon-sur-Seine. Lors de cette agression, il aurait demand\u00e9 \u00e0 sa victime si elle \u00e9tait musulmane avant de l\u2019attaquer en criant \u00ab\u202fALLAH AKBAR\u202f\u00bb.<\/p>\n<p><a href=\"https:\/\/www.valeursactuelles.com\/clubvaleurs\/societe\/prisons-francaises-limpasse-de-la-psychiatrie\" class=\"h-flex h-align-items-center h-border-tb h-ptb-15\" target=\"_blank\" rel=\"noopener\">A\u00a0LIRE\u00a0Prisons fran\u00e7aises : l\u2019impasse de la psychiatrie<\/a><\/p>\n<blockquote class=\"twitter-tweet\">\n<p dir=\"ltr\" lang=\"fr\">\ud83d\udd34 <a href=\"https:\/\/twitter.com\/Valeurs?ref_src=twsrc%5Etfw\" target=\"_blank\" rel=\"noopener\">@Valeurs<\/a> | Ce mercredi 27 ao\u00fbt, un Pakistanais au profil particuli\u00e8rement inqui\u00e9tant s\u2019est \u00e9chapp\u00e9 d\u2019un h\u00f4pital psychiatrique \u00e0 Villejuif o\u00f9 il \u00e9tait intern\u00e9 depuis d\u00e9but ao\u00fbt pour une tentative d\u2019homicide sur fond de radicalisation. Pour Cnews, j\u2019ai pu rencontrer la victime\u2026 <a href=\"https:\/\/t.co\/Ev39miElSq\">pic.twitter.com\/Ev39miElSq<\/a><\/p>\n<p>\u2014 Amaury Bucco (@AmauryBucco) <a href=\"https:\/\/twitter.com\/AmauryBucco\/status\/1961712667900498385?ref_src=twsrc%5Etfw\" target=\"_blank\" rel=\"noopener\">August 30, 2025<\/a><\/p>\n<\/blockquote>\n<p data-start=\"629\" data-end=\"1149\">Sur le quai de la gare, l\u2019individu a approch\u00e9 une personne en lui demandant si elle \u00e9tait musulmane, avant de l\u2019attaquer avec un cutter et un c\u00e2ble m\u00e9tallique, visant le thorax, la gorge et la t\u00eate tout en prof\u00e9rant des menaces. La victime a r\u00e9ussi \u00e0 s\u2019\u00e9chapper et \u00e0 rejoindre son cousin, qui a lui aussi \u00e9t\u00e9 agress\u00e9 apr\u00e8s que l\u2019auteur l\u2019a interrog\u00e9 sur sa religion. L\u2019agresseur a endommag\u00e9 le v\u00e9hicule du cousin et a poursuivi les victimes jusqu\u2019au parking, avant d\u2019\u00eatre finalement ma\u00eetris\u00e9 par les forces de l\u2019ordre.<\/p>\n<p data-start=\"1151\" data-end=\"1625\">Les forces de l\u2019ordre ont rapidement identifi\u00e9 l\u2019agresseur, d\u00e9crit comme un homme d\u2019origine pakistanaise, v\u00eatu d\u2019une djellaba marron et portant un sac \u00e0 dos. Les victimes ont \u00e9t\u00e9 prises en charge par les sapeurs-pompiers : l\u2019une souffrait de douleurs au dos et \u00e0 la jambe droite, tandis que l\u2019autre pr\u00e9sentait plusieurs contusions sur le corps et le bras droit. Les deux ont \u00e9t\u00e9 transport\u00e9s au CHU de Villeneuve-Saint-Georges, sans que leur pronostic vital ne soit engag\u00e9.<\/p>\n<p><a href=\"https:\/\/www.valeursactuelles.com\/faits-divers\/nord-un-pakistanais-condamne-pour-avoir-agresse-au-couteau-des-policiers-aux-cris-d-allah-akbar\" class=\"h-flex h-align-items-center h-border-tb h-ptb-15\" target=\"_blank\" rel=\"noopener\">A\u00a0LIRE\u00a0Nord : un Pakistanais condamn\u00e9 pour avoir agress\u00e9 au couteau des policiers aux cris d\u2019\u00ab Allah Akbar \u00bb<\/a>Une enqu\u00eate ouverte<\/p>\n<p data-start=\"1652\" data-end=\"1886\">\u00c0 la suite de l\u2019attaque, la police a arr\u00eat\u00e9 le suspect. Apr\u00e8s sa p\u00e9riode de garde \u00e0 vue, il a \u00e9t\u00e9 intern\u00e9 dans un h\u00f4pital psychiatrique. Il aurait ensuite utilis\u00e9 une sortie autoris\u00e9e dans le parc de l\u2019\u00e9tablissement pour s\u2019\u00e9chapper.<\/p>\n<\/p>\n<p data-start=\"1888\" data-end=\"2352\">L\u2019homme \u00e9tait toujours activement recherch\u00e9 ce vendredi 29 ao\u00fbt. Un mandat de recherche avait \u00e9t\u00e9 \u00e9mis par le parquet de Cr\u00e9teil le 27 ao\u00fbt, et les forces de police restent pleinement mobilis\u00e9es pour le localiser. Une enqu\u00eate a \u00e9t\u00e9 ouverte pour \u00ab\u202fviolences volontaires en raison de la race, de l\u2019ethnie et de l\u2019appartenance religieuse\u202f\u00bb ainsi que pour \u00ab\u202ftentative d\u2019homicide volontaire\u202f\u00bb. Les investigations ont \u00e9t\u00e9 confi\u00e9es au commissariat de Choisy-le-Roi.<\/p>\n<p>                                                                    <script async src=\"https:\/\/platform.twitter.com\/widgets.js\" charset=\"utf-8\"><\/script><\/p>\n","protected":false},"excerpt":{"rendered":"Faits divers Un homme dans la trentaine, impliqu\u00e9 dans une affaire de tentative d\u2019homicide volontaire, a r\u00e9ussi \u00e0&hellip;\n","protected":false},"author":2,"featured_media":160692,"comment_status":"","ping_status":"","sticky":false,"template":"","format":"standard","meta":{"footnotes":""},"categories":[1888],"tags":[11,1067,1777,674,1011,27,7066,24499,12,49115,626,25,41747],"class_list":{"0":"post-355171","1":"post","2":"type-post","3":"status-publish","4":"format-standard","5":"has-post-thumbnail","7":"category-paris","8":"tag-actualites","9":"tag-enquete","10":"tag-eu","11":"tag-europe","12":"tag-fr","13":"tag-france","14":"tag-fuite","15":"tag-hopital-psychiatrique","16":"tag-news","17":"tag-pakistanais","18":"tag-paris","19":"tag-republique-francaise","20":"tag-tentative-dhomicide"},"share_on_mastodon":{"url":"https:\/\/pubeurope.com\/@fr\/115119788105043057","error":""},"_links":{"self":[{"href":"https:\/\/www.europesays.com\/fr\/wp-json\/wp\/v2\/posts\/355171","targetHints":{"allow":["GET"]}}],"collection":[{"href":"https:\/\/www.europesays.com\/fr\/wp-json\/wp\/v2\/posts"}],"about":[{"href":"https:\/\/www.europesays.com\/fr\/wp-json\/wp\/v2\/types\/post"}],"author":[{"embeddable":true,"href":"https:\/\/www.europesays.com\/fr\/wp-json\/wp\/v2\/users\/2"}],"replies":[{"embeddable":true,"href":"https:\/\/www.europesays.com\/fr\/wp-json\/wp\/v2\/comments?post=355171"}],"version-history":[{"count":0,"href":"https:\/\/www.europesays.com\/fr\/wp-json\/wp\/v2\/posts\/355171\/revisions"}],"wp:featuredmedia":[{"embeddable":true,"href":"https:\/\/www.europesays.com\/fr\/wp-json\/wp\/v2\/media\/160692"}],"wp:attachment":[{"href":"https:\/\/www.europesays.com\/fr\/wp-json\/wp\/v2\/media?parent=355171"}],"wp:term":[{"taxonomy":"category","embeddable":true,"href":"https:\/\/www.europesays.com\/fr\/wp-json\/wp\/v2\/categories?post=355171"},{"taxonomy":"post_tag","embeddable":true,"href":"https:\/\/www.europesays.com\/fr\/wp-json\/wp\/v2\/tags?post=355171"}],"curies":[{"name":"wp","href":"https:\/\/api.w.org\/{rel}","templated":true}]}}