{"id":355176,"date":"2025-08-30T21:17:10","date_gmt":"2025-08-30T21:17:10","guid":{"rendered":"https:\/\/www.europesays.com\/fr\/355176\/"},"modified":"2025-08-30T21:17:10","modified_gmt":"2025-08-30T21:17:10","slug":"avant-le-sommet-regional-en-chine-narendra-modi-sest-entretenu-avec-volodymyr-zelensky","status":"publish","type":"post","link":"https:\/\/www.europesays.com\/fr\/355176\/","title":{"rendered":"Avant le sommet r\u00e9gional en Chine | Narendra Modi s\u2019est entretenu avec Volodymyr Zelensky"},"content":{"rendered":"<p class=\"lead textModule textModule--type-lead \" style=\"\">(New\u00a0Delhi) Le premier ministre indien, Narendra Modi, a d\u00e9clar\u00e9 samedi s\u2019\u00eatre entretenu avec le pr\u00e9sident Volodymyr Zelensky du \u00ab\u00a0r\u00e9tablissement de la paix et de la stabilit\u00e9\u00a0\u00bb en Ukraine, avant un sommet en Chine auquel doit participer le pr\u00e9sident russe, Vladimir Poutine.\u00a0\u00a0<\/p>\n<p>                    Publi\u00e9 \u00e0 12\u00a0h\u00a018<\/p>\n<p>    <a class=\"print\" href=\"https:\/\/www.lapresse.ca\/international\/2025-08-30\/avant-le-sommet-regional-en-chine\/javascript:window.print();\" title=\"Imprimer la page\" rel=\"nofollow noopener\" target=\"_blank\"><\/p>\n<p>        <img loading=\"lazy\" decoding=\"async\" width=\"16\" height=\"18\" src=\"https:\/\/www.europesays.com\/fr\/wp-content\/uploads\/2025\/04\/share-icon.png\" alt=\"Partager\"\/><\/p>\n<p class=\"paragraph textModule textModule--type-paragraph \" style=\"\">M.\u00a0Modi, arriv\u00e9 t\u00f4t samedi dans la ville portuaire chinoise de Tianjin pour le sommet de l\u2019Organisation de coop\u00e9ration de Shanghai, a ajout\u00e9 qu\u2019il avait offert le \u00ab\u00a0plein soutien\u00a0\u00bb de l\u2019Inde lors d\u2019un appel t\u00e9l\u00e9phonique avec M.\u00a0Zelensky.\u00a0\u00a0<\/p>\n<p class=\"paragraph textModule textModule--type-paragraph \" style=\"\">\u00ab\u00a0Nous avons \u00e9chang\u00e9 nos points de vue sur le conflit en cours, son aspect humanitaire et les efforts pour r\u00e9tablir la paix et la stabilit\u00e9\u00a0\u00bb, a d\u00e9clar\u00e9 Narendra Modi dans un message sur les r\u00e9seaux sociaux. \u00ab\u00a0L\u2019Inde offre son plein soutien \u00e0 tous les efforts visant cet objectif\u00a0\u00bb, a-t-il ajout\u00e9.\u00a0\u00a0<\/p>\n<p class=\"paragraph textModule textModule--type-paragraph \" style=\"\">M.\u00a0Modi doit rencontrer M.\u00a0Poutine lundi en marge du sommet auquel participeront des dirigeants de plus de 20\u00a0pays. <\/p>\n<p class=\"epigraph textModule textModule--type-epigraph \" style=\"\">M.\u00a0Zelensky, pour sa part, a d\u00e9clar\u00e9 qu\u2019il avait eu une \u00ab\u00a0conversation productive et importante\u00a0\u00bb avec le premier ministre indien, au cours de laquelle il a r\u00e9affirm\u00e9 la volont\u00e9 de l\u2019Ukraine d\u2019organiser une r\u00e9union avec Vladimir Poutine.\u00a0\u00a0<\/p>\n<p class=\"paragraph textModule textModule--type-paragraph \" style=\"\">\u00ab\u00a0L\u2019Inde est pr\u00eate \u00e0 faire les efforts n\u00e9cessaires et \u00e0 envoyer un signal appropri\u00e9 \u00e0 la Russie et \u00e0 d\u2019autres dirigeants lors des r\u00e9unions en marge du sommet\u00a0\u00bb, a-t-il affirm\u00e9 dans un message sur X.\u00a0\u00a0<\/p>\n<p class=\"paragraph textModule textModule--type-paragraph \" style=\"\">New\u00a0Delhi entretient des relations de longue date avec Moscou qui ont persist\u00e9 malgr\u00e9 les tentatives de rapprochement de l\u2019Inde avec Washington et d\u2019autres alli\u00e9s occidentaux en mati\u00e8re de s\u00e9curit\u00e9.\u00a0\u00a0<\/p>\n<p class=\"paragraph textModule textModule--type-paragraph \" style=\"\">Cet exercice d\u2019\u00e9quilibre a pouss\u00e9 Delhi \u00e0 \u00e9viter de condamner la guerre de la Russie en Ukraine pour, \u00e0 la place, se proposer comme interm\u00e9diaire entre les deux adversaires.\u00a0\u00a0<\/p>\n<p class=\"paragraph textModule textModule--type-paragraph \" style=\"\">Malgr\u00e9 une r\u00e9cente s\u00e9rie d\u2019efforts internationaux pour n\u00e9gocier un cessez-le-feu, les efforts pour mettre fin \u00e0 la guerre semblent avoir perdu de leur \u00e9lan, Moscou minimisant la probabilit\u00e9 d\u2019un sommet Poutine-Zelensky. <\/p>\n<p class=\"paragraph textModule textModule--type-paragraph \" style=\"\">L\u2019Inde a par ailleurs affirm\u00e9 vendredi qu\u2019elle ne \u00ab\u00a0s\u2019inclinerait pas\u00a0\u00bb face au passage \u00e0 50\u00a0% de la surtaxe douani\u00e8re impos\u00e9e par Washington \u00e0 ses produits, une d\u00e9cision prise par Donald Trump en repr\u00e9sailles aux achats de p\u00e9trole russe par New\u00a0Delhi. <\/p>\n","protected":false},"excerpt":{"rendered":"(New\u00a0Delhi) Le premier ministre indien, Narendra Modi, a d\u00e9clar\u00e9 samedi s\u2019\u00eatre entretenu avec le pr\u00e9sident Volodymyr Zelensky du&hellip;\n","protected":false},"author":2,"featured_media":355177,"comment_status":"","ping_status":"","sticky":false,"template":"","format":"standard","meta":{"footnotes":""},"categories":[1590],"tags":[11,1777,674,12,220],"class_list":{"0":"post-355176","1":"post","2":"type-post","3":"status-publish","4":"format-standard","5":"has-post-thumbnail","7":"category-ukraine","8":"tag-actualites","9":"tag-eu","10":"tag-europe","11":"tag-news","12":"tag-ukraine"},"share_on_mastodon":{"url":"https:\/\/pubeurope.com\/@fr\/115119799918353365","error":""},"_links":{"self":[{"href":"https:\/\/www.europesays.com\/fr\/wp-json\/wp\/v2\/posts\/355176","targetHints":{"allow":["GET"]}}],"collection":[{"href":"https:\/\/www.europesays.com\/fr\/wp-json\/wp\/v2\/posts"}],"about":[{"href":"https:\/\/www.europesays.com\/fr\/wp-json\/wp\/v2\/types\/post"}],"author":[{"embeddable":true,"href":"https:\/\/www.europesays.com\/fr\/wp-json\/wp\/v2\/users\/2"}],"replies":[{"embeddable":true,"href":"https:\/\/www.europesays.com\/fr\/wp-json\/wp\/v2\/comments?post=355176"}],"version-history":[{"count":0,"href":"https:\/\/www.europesays.com\/fr\/wp-json\/wp\/v2\/posts\/355176\/revisions"}],"wp:featuredmedia":[{"embeddable":true,"href":"https:\/\/www.europesays.com\/fr\/wp-json\/wp\/v2\/media\/355177"}],"wp:attachment":[{"href":"https:\/\/www.europesays.com\/fr\/wp-json\/wp\/v2\/media?parent=355176"}],"wp:term":[{"taxonomy":"category","embeddable":true,"href":"https:\/\/www.europesays.com\/fr\/wp-json\/wp\/v2\/categories?post=355176"},{"taxonomy":"post_tag","embeddable":true,"href":"https:\/\/www.europesays.com\/fr\/wp-json\/wp\/v2\/tags?post=355176"}],"curies":[{"name":"wp","href":"https:\/\/api.w.org\/{rel}","templated":true}]}}