{"id":355179,"date":"2025-08-30T21:19:18","date_gmt":"2025-08-30T21:19:18","guid":{"rendered":"https:\/\/www.europesays.com\/fr\/355179\/"},"modified":"2025-08-30T21:19:18","modified_gmt":"2025-08-30T21:19:18","slug":"trois-hommes-inculpes-au-royaume-uni-apres-une-manifestation-devant-un-hotel-hebergeant-des-demandeurs-dasile","status":"publish","type":"post","link":"https:\/\/www.europesays.com\/fr\/355179\/","title":{"rendered":"Trois hommes inculp\u00e9s au Royaume-Uni apr\u00e8s une manifestation devant un h\u00f4tel h\u00e9bergeant des demandeurs d\u2019asile"},"content":{"rendered":"<p>Trois hommes ont \u00e9t\u00e9 inculp\u00e9s samedi apr\u00e8s avoir \u00e9t\u00e9 arr\u00eat\u00e9s lors d\u2019une manifestation la veille \u00e0 Epping, au nord de Londres, devant un h\u00f4tel h\u00e9bergeant des demandeurs d\u2019asile. Cette manifestation a eu lieu quelques heures apr\u00e8s la d\u00e9cision d\u2019une cour d\u2019appel d\u2019autoriser \u00e0 nouveau l\u2019accueil de demandeurs d\u2019asile dans cet \u00e9tablissement, le Bell Hotel. Lors du rassemblement, deux membres des forces de l\u2019ordre ont \u00e9t\u00e9 l\u00e9g\u00e8rement bless\u00e9s, a pr\u00e9cis\u00e9 la police de l\u2019Essex.<\/p>\n<p>L\u2019un des hommes inculp\u00e9s est soup\u00e7onn\u00e9 d\u2019avoir agress\u00e9 un policier, un autre d\u2019avoir conduit en \u00e9tat d\u2019ivresse et roul\u00e9 \u00e0 contresens vers un cordon de police. Quant au troisi\u00e8me homme, il a \u00e9t\u00e9 arr\u00eat\u00e9 pour des violences. Plusieurs manifestations sont organis\u00e9es ce week-end au Royaume-Uni devant des h\u00f4tels h\u00e9bergeant des demandeurs d\u2019asile, apr\u00e8s la d\u00e9cision de la cour d\u2019appel.<\/p>\n<p>Lire aussi: <a href=\"https:\/\/www.letemps.ch\/articles\/le-royaume-uni-va-accelerer-l-expulsion-d-etrangers-condamnes\" rel=\"nofollow noopener\" target=\"_blank\">Le Royaume-Uni va acc\u00e9l\u00e9rer l&rsquo;expulsion d&rsquo;\u00e9trangers condamn\u00e9s<\/a>  <\/p>\n<p>Dans l\u2019ouest de Londres, cinq personnes ont \u00e9t\u00e9 arr\u00eat\u00e9es samedi lors d\u2019une manifestation qui a rassembl\u00e9 environ 500 personnes et durant laquelle un groupe d\u2019hommes masqu\u00e9s a tent\u00e9 d\u2019entrer dans un h\u00f4tel, selon la police m\u00e9tropolitaine. En Ecosse, \u00e0 Falkirk, des tensions ont eu lieu devant un h\u00f4tel o\u00f9 se sont rassembl\u00e9s des manifestants anti-immigration et des contre-manifestants.<\/p>\n<p>Plusieurs manifestations pendant l\u2019\u00e9t\u00e9<\/p>\n<p>Des rassemblements, parfois marqu\u00e9s par des tensions, ont eu lieu tout au long de l\u2019\u00e9t\u00e9 devant le Bell Hotel et plusieurs autres \u00e9tablissements dans le pays. Elles ont d\u00e9marr\u00e9 apr\u00e8s l\u2019inculpation d\u2019un demandeur d\u2019asile, accus\u00e9 d\u2019avoir tent\u00e9 d\u2019embrasser une adolescente de 14\u00a0ans \u00e0 Epping, ce qu\u2019il nie. Cet Ethiopien de 38\u00a0ans \u00e9tait arriv\u00e9 quelques jours plus t\u00f4t en Angleterre en traversant la Manche sur un petit bateau.<\/p>\n<p>Mettant en avant les inqui\u00e9tudes de la population, le conseil local d\u2019Epping avait obtenu de la justice la semaine derni\u00e8re une injonction temporaire ordonnant au Bell Hotel de ne plus accueillir de demandeurs d\u2019asile. Mais la cour d\u2019appel a jug\u00e9 vendredi que cette d\u00e9cision \u00e9tait marqu\u00e9e par \u00abplusieurs erreurs\u00bb. Elle risquait notamment d&rsquo;\u00abinciter ou d\u2019encourager de nouvelles manifestations dont certaines auraient pu d\u00e9g\u00e9n\u00e9rer en troubles autour des centres d\u2019accueil pour demandeurs d\u2019asile\u00bb.<\/p>\n<p>Lire aussi: <a href=\"https:\/\/www.letemps.ch\/articles\/ils-tiraient-pour-tuer-des-sauveteurs-et-des-migrants-rescapes-de-la-noyade-pris-pour-cibles-en-mediterranee\" rel=\"nofollow noopener\" target=\"_blank\">\u00abIls tiraient pour tuer\u00bb: des sauveteurs et des migrants rescap\u00e9s de la noyade pris pour cible en M\u00e9diterran\u00e9e<\/a>  <\/p>\n<p>Keir Starmer sous pression<\/p>\n<p>Selon plusieurs m\u00e9dias, des conseils locaux comptent d\u00e9poser de nouveaux recours contre ces h\u00f4tels. Mais la d\u00e9cision de la cour d\u2019appel repr\u00e9sente un soulagement pour le gouvernement travailliste de Keir Starmer. Plus de 111\u00a0000 personnes ont demand\u00e9 l\u2019asile au Royaume-Uni ces douze derniers mois, un record. Les autorit\u00e9s ont l\u2019obligation d\u2019h\u00e9berger celles qui n\u2019ont pas de solution d\u2019accueil et 32\u00a0059 demandeurs d\u2019asile \u00e9taient h\u00e9berg\u00e9s dans un peu plus de 200 h\u00f4tels \u00e0 la fin juin. Le gouvernement a promis de ne plus avoir recours d\u2019ici 2029 \u00e0 ce type d\u2019h\u00e9bergement jug\u00e9 trop on\u00e9reux.<\/p>\n<p>Le sujet de l\u2019immigration a domin\u00e9 l\u2019actualit\u00e9 cet \u00e9t\u00e9 au Royaume-Uni. L\u2019opposition conservatrice et surtout le parti d\u2019extr\u00eame droite Reform UK mettent la pression sur Keir Starmer. \u00abSi vous traversez la Manche ill\u00e9galement, vous serez d\u00e9tenu et renvoy\u00e9\u00bb, a \u00e9crit le dirigeant travailliste sur X samedi, dans un message adress\u00e9 aux migrants. Un accord conclu avec Paris est entr\u00e9 en vigueur d\u00e9but ao\u00fbt: il pr\u00e9voit le retour en France de migrants arriv\u00e9s \u00e0 bord de petites embarcations au Royaume-Uni en \u00e9change de l\u2019envoi outre-Manche de migrants se trouvant en France. Une nouvelle audience est pr\u00e9vue mi-octobre pour d\u00e9cider de l\u2019autorisation ou non d\u2019h\u00e9berger de mani\u00e8re permanente des demandeurs d\u2019asile au Bell Hotel.<\/p>\n","protected":false},"excerpt":{"rendered":"Trois hommes ont \u00e9t\u00e9 inculp\u00e9s samedi apr\u00e8s avoir \u00e9t\u00e9 arr\u00eat\u00e9s lors d\u2019une manifestation la veille \u00e0 Epping, au&hellip;\n","protected":false},"author":2,"featured_media":355180,"comment_status":"","ping_status":"","sticky":false,"template":"","format":"standard","meta":{"footnotes":""},"categories":[1588],"tags":[11,1777,674,4438,10090,12,473,1853,1851,1850,1852],"class_list":{"0":"post-355179","1":"post","2":"type-post","3":"status-publish","4":"format-standard","5":"has-post-thumbnail","7":"category-royaume-uni","8":"tag-actualites","9":"tag-eu","10":"tag-europe","11":"tag-free","12":"tag-migrations","13":"tag-news","14":"tag-royaume-uni","15":"tag-royaume-uni-de-grande-bretagne-et-dirlande-du-nord","16":"tag-uk","17":"tag-united-kingdom","18":"tag-united-kingdom-of-great-britain-and-northern-ireland"},"share_on_mastodon":{"url":"https:\/\/pubeurope.com\/@fr\/115119807718672834","error":""},"_links":{"self":[{"href":"https:\/\/www.europesays.com\/fr\/wp-json\/wp\/v2\/posts\/355179","targetHints":{"allow":["GET"]}}],"collection":[{"href":"https:\/\/www.europesays.com\/fr\/wp-json\/wp\/v2\/posts"}],"about":[{"href":"https:\/\/www.europesays.com\/fr\/wp-json\/wp\/v2\/types\/post"}],"author":[{"embeddable":true,"href":"https:\/\/www.europesays.com\/fr\/wp-json\/wp\/v2\/users\/2"}],"replies":[{"embeddable":true,"href":"https:\/\/www.europesays.com\/fr\/wp-json\/wp\/v2\/comments?post=355179"}],"version-history":[{"count":0,"href":"https:\/\/www.europesays.com\/fr\/wp-json\/wp\/v2\/posts\/355179\/revisions"}],"wp:featuredmedia":[{"embeddable":true,"href":"https:\/\/www.europesays.com\/fr\/wp-json\/wp\/v2\/media\/355180"}],"wp:attachment":[{"href":"https:\/\/www.europesays.com\/fr\/wp-json\/wp\/v2\/media?parent=355179"}],"wp:term":[{"taxonomy":"category","embeddable":true,"href":"https:\/\/www.europesays.com\/fr\/wp-json\/wp\/v2\/categories?post=355179"},{"taxonomy":"post_tag","embeddable":true,"href":"https:\/\/www.europesays.com\/fr\/wp-json\/wp\/v2\/tags?post=355179"}],"curies":[{"name":"wp","href":"https:\/\/api.w.org\/{rel}","templated":true}]}}